{"id":7802,"date":"2024-02-13T11:12:36","date_gmt":"2024-02-13T10:12:36","guid":{"rendered":"https:\/\/duegipackaging.com\/?p=7802"},"modified":"2024-02-13T11:42:40","modified_gmt":"2024-02-13T10:42:40","slug":"nous-sommes-durables-egalement-pour-le-bien-de-votre-entreprise","status":"publish","type":"post","link":"https:\/\/duegipackaging.com\/fr\/think-smart-fr\/nous-sommes-durables-egalement-pour-le-bien-de-votre-entreprise\/","title":{"rendered":"Nous sommes durables, \u00e9galement pour le bien de votre entreprise."},"content":{"rendered":"\n<h3 class=\"wp-block-heading\"><br>COMMENT NOUS AVONS D\u00c9CID\u00c9 DE COMPENSER NOTRE EMPREINTE CARBONE.<\/h3>\n\n\n\n<p>Nous sommes \u00e9galement durables pour le bien de votre entreprise. La durabilit\u00e9 est devenue un \u00e9l\u00e9ment essentiel pour le succ\u00e8s de toute strat\u00e9gie commerciale et l\u2019att\u00e9nuation de l\u2019empreinte carbone est l\u2019un des d\u00e9fis les plus importants dans ce domaine. Nous avons gagn\u00e9 en choisissant un projet italien simple, certifi\u00e9 pour att\u00e9nuer imm\u00e9diatement notre impact environnemental: <a href=\"http:\/\/www.foreverzedroco2.it\">Forever Zero CO2<\/a>!<\/p>\n\n\n\n<p>Forever Bamb\u00f9, entreprise leader en Italie dans la plantation de bambous g\u00e9ants, a maximis\u00e9 le potentiel d&rsquo;absorption de CO2 de ses 200 hectares de for\u00eats cultiv\u00e9es en Italie gr\u00e2ce \u00e0 un protocole exclusif de gestion agroforesti\u00e8re. Ce r\u00e9sultat a \u00e9t\u00e9 \u00e9tudi\u00e9 et certifi\u00e9 par Rina et l&rsquo;Universit\u00e9 de Sienne: <strong>pour une m\u00eame superficie, les bambouseraies de Forever Bamb\u00f9 absorbent environ 36 fois la quantit\u00e9 de CO2 absorb\u00e9e par une for\u00eat mixte,<\/strong> cela signifie qu&rsquo;un hectare d&rsquo;entre elles absorbe 260 tonnes de CO2 par an, l&rsquo;\u00e9quivalent de l&#8217;empreinte carbone d&rsquo;un million de kilom\u00e8tres parcourus par une voiture de taille moyenne!<\/p>\n\n\n\n<p>Avec le service Forever Zero CO2, <strong><a href=\"https:\/\/duegipackaging.com\/contatti\/\" target=\"_blank\" rel=\"noreferrer noopener\">Duegi packaging<\/a><\/strong> <strong>accompagne d\u00e9sormais 10 plants de bambou g\u00e9ants qui r\u00e9duisent son empreinte carbone de 210 tonnes de CO2 par an.<\/strong> Le projet sera soutenu par nos soins au cours des prochaines ann\u00e9es afin de compenser notre empreinte carbone.<\/p>\n\n\n\n<p>C&rsquo;est un projet concret, les for\u00eats sont en Italie et peuvent \u00eatre visit\u00e9es.<\/p>\n\n\n\n<p><strong>Nous voulons regarder loin et nous pr\u00e9parer aux objectifs de d\u00e9carbonation de l&rsquo;Agenda 2030 de l&rsquo;ONU.<\/strong> Nous voulons vous offrir un produit de plus en plus vert, car une cha\u00eene de production durable est une cha\u00eene d&rsquo;approvisionnement r\u00e9ussie !<\/p>\n\n\n\n<figure class=\"wp-block-image size-full\" id=\"carbon-footprint-Duegi-Packaging\"><img data-recalc-dims=\"1\" loading=\"lazy\" decoding=\"async\" width=\"640\" height=\"463\" src=\"https:\/\/i0.wp.com\/duegipackaging.com\/wp-content\/uploads\/2024\/01\/Attestato-Afforestazione_VillaggioBambu.jpg?resize=640%2C463&#038;ssl=1\" alt=\"carbon footprint Duegi Packaging\" class=\"wp-image-8162\" srcset=\"https:\/\/i0.wp.com\/duegipackaging.com\/wp-content\/uploads\/2024\/01\/Attestato-Afforestazione_VillaggioBambu.jpg?w=1000&amp;ssl=1 1000w, https:\/\/i0.wp.com\/duegipackaging.com\/wp-content\/uploads\/2024\/01\/Attestato-Afforestazione_VillaggioBambu.jpg?resize=768%2C556&amp;ssl=1 768w, https:\/\/i0.wp.com\/duegipackaging.com\/wp-content\/uploads\/2024\/01\/Attestato-Afforestazione_VillaggioBambu.jpg?resize=400%2C290&amp;ssl=1 400w\" sizes=\"auto, (max-width: 640px) 100vw, 640px\" \/><\/figure>\n","protected":false},"excerpt":{"rendered":"<p>COMMENT NOUS AVONS D\u00c9CID\u00c9 DE COMPENSER NOTRE EMPREINTE CARBONE. Nous sommes \u00e9galement durables pour le bien de votre entreprise. La durabilit\u00e9 est devenue un \u00e9l\u00e9ment essentiel pour le succ\u00e8s de toute strat\u00e9gie commerciale et l\u2019att\u00e9nuation de l\u2019empreinte carbone est l\u2019un des d\u00e9fis les plus importants dans ce domaine. Nous avons gagn\u00e9 en choisissant un projet [&#8230;]<\/p>\n<p><a class=\"btn btn-secondary understrap-read-more-link\" href=\"https:\/\/duegipackaging.com\/fr\/think-smart-fr\/nous-sommes-durables-egalement-pour-le-bien-de-votre-entreprise\/\">Lire la suite\u2026<span class=\"screen-reader-text\"> from Nous sommes durables, \u00e9galement pour le bien de votre entreprise.<\/span><\/a><\/p>\n","protected":false},"author":3,"featured_media":7816,"comment_status":"open","ping_status":"open","sticky":false,"template":"","format":"standard","meta":{"_acf_changed":false,"_jetpack_memberships_contains_paid_content":false,"footnotes":""},"categories":[45],"tags":[140,142,143,145,146],"class_list":["post-7802","post","type-post","status-publish","format-standard","has-post-thumbnail","hentry","category-think-smart-fr","tag-carbonfootprint","tag-bambu","tag-decarbonizzazione","tag-co2","tag-sostenibili"],"acf":[],"yoast_head":"<!-- This site is optimized with the Yoast SEO plugin v26.4 - https:\/\/yoast.com\/wordpress\/plugins\/seo\/ -->\n<title>Nous sommes durables, \u00e9galement pour le bien de votre entreprise. | Duegi Packaging<\/title>\n<meta name=\"description\" content=\"Nous sommes durables, \u00e9galement pour le bien de votre entreprise. Entra in Duegi Packaging e vieni a scoprire come abbiamo deciso di compensare la nostra carbon footprint.\" \/>\n<meta name=\"robots\" content=\"index, follow, max-snippet:-1, max-image-preview:large, max-video-preview:-1\" \/>\n<link rel=\"canonical\" href=\"https:\/\/duegipackaging.com\/fr\/think-smart-fr\/nous-sommes-durables-egalement-pour-le-bien-de-votre-entreprise\/\" \/>\n<meta property=\"og:locale\" content=\"fr_FR\" \/>\n<meta property=\"og:type\" content=\"article\" \/>\n<meta property=\"og:title\" content=\"Nous sommes durables, \u00e9galement pour le bien de votre entreprise. | Duegi Packaging\" \/>\n<meta property=\"og:description\" content=\"Nous sommes durables, \u00e9galement pour le bien de votre entreprise. Entra in Duegi Packaging e vieni a scoprire come abbiamo deciso di compensare la nostra carbon footprint.\" \/>\n<meta property=\"og:url\" content=\"https:\/\/duegipackaging.com\/fr\/think-smart-fr\/nous-sommes-durables-egalement-pour-le-bien-de-votre-entreprise\/\" \/>\n<meta property=\"og:site_name\" content=\"Duegi Packaging\" \/>\n<meta property=\"article:published_time\" content=\"2024-02-13T10:12:36+00:00\" \/>\n<meta property=\"article:modified_time\" content=\"2024-02-13T10:42:40+00:00\" \/>\n<meta property=\"og:image\" content=\"https:\/\/duegipackaging.com\/wp-content\/uploads\/2023\/10\/bambu-duegi-packaging-carbon-footprint.jpg\" \/>\n\t<meta property=\"og:image:width\" content=\"2000\" \/>\n\t<meta property=\"og:image:height\" content=\"1333\" \/>\n\t<meta property=\"og:image:type\" content=\"image\/jpeg\" \/>\n<meta name=\"author\" content=\"duegi\" \/>\n<meta name=\"twitter:card\" content=\"summary_large_image\" \/>\n<meta name=\"twitter:label1\" content=\"\u00c9crit par\" \/>\n\t<meta name=\"twitter:data1\" content=\"duegi\" \/>\n\t<meta name=\"twitter:label2\" content=\"Dur\u00e9e de lecture estim\u00e9e\" \/>\n\t<meta name=\"twitter:data2\" content=\"2 minutes\" \/>\n<script type=\"application\/ld+json\" class=\"yoast-schema-graph\">{\"@context\":\"https:\/\/schema.org\",\"@graph\":[{\"@type\":\"Article\",\"@id\":\"https:\/\/duegipackaging.com\/fr\/think-smart-fr\/nous-sommes-durables-egalement-pour-le-bien-de-votre-entreprise\/#article\",\"isPartOf\":{\"@id\":\"https:\/\/duegipackaging.com\/fr\/think-smart-fr\/nous-sommes-durables-egalement-pour-le-bien-de-votre-entreprise\/\"},\"author\":{\"name\":\"duegi\",\"@id\":\"https:\/\/duegipackaging.com\/#\/schema\/person\/fd52640863a87b88cd02333e0271fd51\"},\"headline\":\"Nous sommes durables, \u00e9galement pour le bien de votre entreprise.\",\"datePublished\":\"2024-02-13T10:12:36+00:00\",\"dateModified\":\"2024-02-13T10:42:40+00:00\",\"mainEntityOfPage\":{\"@id\":\"https:\/\/duegipackaging.com\/fr\/think-smart-fr\/nous-sommes-durables-egalement-pour-le-bien-de-votre-entreprise\/\"},\"wordCount\":308,\"commentCount\":0,\"publisher\":{\"@id\":\"https:\/\/duegipackaging.com\/#organization\"},\"image\":{\"@id\":\"https:\/\/duegipackaging.com\/fr\/think-smart-fr\/nous-sommes-durables-egalement-pour-le-bien-de-votre-entreprise\/#primaryimage\"},\"thumbnailUrl\":\"https:\/\/i0.wp.com\/duegipackaging.com\/wp-content\/uploads\/2023\/10\/bambu-duegi-packaging-carbon-footprint.jpg?fit=2000%2C1333&ssl=1\",\"keywords\":[\"carbonfootprint\",\"bamb\u00f9\",\"decarbonizzazione\",\"co2\",\"sostenibili\"],\"articleSection\":[\"Think Smart\"],\"inLanguage\":\"fr-FR\",\"potentialAction\":[{\"@type\":\"CommentAction\",\"name\":\"Comment\",\"target\":[\"https:\/\/duegipackaging.com\/fr\/think-smart-fr\/nous-sommes-durables-egalement-pour-le-bien-de-votre-entreprise\/#respond\"]}]},{\"@type\":\"WebPage\",\"@id\":\"https:\/\/duegipackaging.com\/fr\/think-smart-fr\/nous-sommes-durables-egalement-pour-le-bien-de-votre-entreprise\/\",\"url\":\"https:\/\/duegipackaging.com\/fr\/think-smart-fr\/nous-sommes-durables-egalement-pour-le-bien-de-votre-entreprise\/\",\"name\":\"Nous sommes durables, \u00e9galement pour le bien de votre entreprise. | Duegi Packaging\",\"isPartOf\":{\"@id\":\"https:\/\/duegipackaging.com\/#website\"},\"primaryImageOfPage\":{\"@id\":\"https:\/\/duegipackaging.com\/fr\/think-smart-fr\/nous-sommes-durables-egalement-pour-le-bien-de-votre-entreprise\/#primaryimage\"},\"image\":{\"@id\":\"https:\/\/duegipackaging.com\/fr\/think-smart-fr\/nous-sommes-durables-egalement-pour-le-bien-de-votre-entreprise\/#primaryimage\"},\"thumbnailUrl\":\"https:\/\/i0.wp.com\/duegipackaging.com\/wp-content\/uploads\/2023\/10\/bambu-duegi-packaging-carbon-footprint.jpg?fit=2000%2C1333&ssl=1\",\"datePublished\":\"2024-02-13T10:12:36+00:00\",\"dateModified\":\"2024-02-13T10:42:40+00:00\",\"description\":\"Nous sommes durables, \u00e9galement pour le bien de votre entreprise. Entra in Duegi Packaging e vieni a scoprire come abbiamo deciso di compensare la nostra carbon footprint.\",\"breadcrumb\":{\"@id\":\"https:\/\/duegipackaging.com\/fr\/think-smart-fr\/nous-sommes-durables-egalement-pour-le-bien-de-votre-entreprise\/#breadcrumb\"},\"inLanguage\":\"fr-FR\",\"potentialAction\":[{\"@type\":\"ReadAction\",\"target\":[\"https:\/\/duegipackaging.com\/fr\/think-smart-fr\/nous-sommes-durables-egalement-pour-le-bien-de-votre-entreprise\/\"]}]},{\"@type\":\"ImageObject\",\"inLanguage\":\"fr-FR\",\"@id\":\"https:\/\/duegipackaging.com\/fr\/think-smart-fr\/nous-sommes-durables-egalement-pour-le-bien-de-votre-entreprise\/#primaryimage\",\"url\":\"https:\/\/i0.wp.com\/duegipackaging.com\/wp-content\/uploads\/2023\/10\/bambu-duegi-packaging-carbon-footprint.jpg?fit=2000%2C1333&ssl=1\",\"contentUrl\":\"https:\/\/i0.wp.com\/duegipackaging.com\/wp-content\/uploads\/2023\/10\/bambu-duegi-packaging-carbon-footprint.jpg?fit=2000%2C1333&ssl=1\",\"width\":2000,\"height\":1333},{\"@type\":\"BreadcrumbList\",\"@id\":\"https:\/\/duegipackaging.com\/fr\/think-smart-fr\/nous-sommes-durables-egalement-pour-le-bien-de-votre-entreprise\/#breadcrumb\",\"itemListElement\":[{\"@type\":\"ListItem\",\"position\":1,\"name\":\"Home\",\"item\":\"https:\/\/duegipackaging.com\/fr\/\"},{\"@type\":\"ListItem\",\"position\":2,\"name\":\"Nous sommes durables, \u00e9galement pour le bien de votre entreprise.\"}]},{\"@type\":\"WebSite\",\"@id\":\"https:\/\/duegipackaging.com\/#website\",\"url\":\"https:\/\/duegipackaging.com\/\",\"name\":\"Duegi Packaging\",\"description\":\"Produzione Scatole e packaging\",\"publisher\":{\"@id\":\"https:\/\/duegipackaging.com\/#organization\"},\"potentialAction\":[{\"@type\":\"SearchAction\",\"target\":{\"@type\":\"EntryPoint\",\"urlTemplate\":\"https:\/\/duegipackaging.com\/?s={search_term_string}\"},\"query-input\":{\"@type\":\"PropertyValueSpecification\",\"valueRequired\":true,\"valueName\":\"search_term_string\"}}],\"inLanguage\":\"fr-FR\"},{\"@type\":\"Organization\",\"@id\":\"https:\/\/duegipackaging.com\/#organization\",\"name\":\"Duegi Packaging\",\"url\":\"https:\/\/duegipackaging.com\/\",\"logo\":{\"@type\":\"ImageObject\",\"inLanguage\":\"fr-FR\",\"@id\":\"https:\/\/duegipackaging.com\/#\/schema\/logo\/image\/\",\"url\":\"https:\/\/i0.wp.com\/duegipackaging.com\/wp-content\/uploads\/2020\/05\/screenshot.png?fit=1200%2C900&ssl=1\",\"contentUrl\":\"https:\/\/i0.wp.com\/duegipackaging.com\/wp-content\/uploads\/2020\/05\/screenshot.png?fit=1200%2C900&ssl=1\",\"width\":1200,\"height\":900,\"caption\":\"Duegi Packaging\"},\"image\":{\"@id\":\"https:\/\/duegipackaging.com\/#\/schema\/logo\/image\/\"}},{\"@type\":\"Person\",\"@id\":\"https:\/\/duegipackaging.com\/#\/schema\/person\/fd52640863a87b88cd02333e0271fd51\",\"name\":\"duegi\",\"image\":{\"@type\":\"ImageObject\",\"inLanguage\":\"fr-FR\",\"@id\":\"https:\/\/duegipackaging.com\/#\/schema\/person\/image\/\",\"url\":\"https:\/\/secure.gravatar.com\/avatar\/6ab5fb5639cd033750e15f7243285670d41c7ea5479a75da3d1aeabf98b753ef?s=96&d=mm&r=g\",\"contentUrl\":\"https:\/\/secure.gravatar.com\/avatar\/6ab5fb5639cd033750e15f7243285670d41c7ea5479a75da3d1aeabf98b753ef?s=96&d=mm&r=g\",\"caption\":\"duegi\"},\"url\":\"https:\/\/duegipackaging.com\/fr\/author\/duegi\/\"}]}<\/script>\n<!-- \/ Yoast SEO plugin. -->","yoast_head_json":{"title":"Nous sommes durables, \u00e9galement pour le bien de votre entreprise. | Duegi Packaging","description":"Nous sommes durables, \u00e9galement pour le bien de votre entreprise. Entra in Duegi Packaging e vieni a scoprire come abbiamo deciso di compensare la nostra carbon footprint.","robots":{"index":"index","follow":"follow","max-snippet":"max-snippet:-1","max-image-preview":"max-image-preview:large","max-video-preview":"max-video-preview:-1"},"canonical":"https:\/\/duegipackaging.com\/fr\/think-smart-fr\/nous-sommes-durables-egalement-pour-le-bien-de-votre-entreprise\/","og_locale":"fr_FR","og_type":"article","og_title":"Nous sommes durables, \u00e9galement pour le bien de votre entreprise. | Duegi Packaging","og_description":"Nous sommes durables, \u00e9galement pour le bien de votre entreprise. Entra in Duegi Packaging e vieni a scoprire come abbiamo deciso di compensare la nostra carbon footprint.","og_url":"https:\/\/duegipackaging.com\/fr\/think-smart-fr\/nous-sommes-durables-egalement-pour-le-bien-de-votre-entreprise\/","og_site_name":"Duegi Packaging","article_published_time":"2024-02-13T10:12:36+00:00","article_modified_time":"2024-02-13T10:42:40+00:00","og_image":[{"width":2000,"height":1333,"url":"https:\/\/duegipackaging.com\/wp-content\/uploads\/2023\/10\/bambu-duegi-packaging-carbon-footprint.jpg","type":"image\/jpeg"}],"author":"duegi","twitter_card":"summary_large_image","twitter_misc":{"\u00c9crit par":"duegi","Dur\u00e9e de lecture estim\u00e9e":"2 minutes"},"schema":{"@context":"https:\/\/schema.org","@graph":[{"@type":"Article","@id":"https:\/\/duegipackaging.com\/fr\/think-smart-fr\/nous-sommes-durables-egalement-pour-le-bien-de-votre-entreprise\/#article","isPartOf":{"@id":"https:\/\/duegipackaging.com\/fr\/think-smart-fr\/nous-sommes-durables-egalement-pour-le-bien-de-votre-entreprise\/"},"author":{"name":"duegi","@id":"https:\/\/duegipackaging.com\/#\/schema\/person\/fd52640863a87b88cd02333e0271fd51"},"headline":"Nous sommes durables, \u00e9galement pour le bien de votre entreprise.","datePublished":"2024-02-13T10:12:36+00:00","dateModified":"2024-02-13T10:42:40+00:00","mainEntityOfPage":{"@id":"https:\/\/duegipackaging.com\/fr\/think-smart-fr\/nous-sommes-durables-egalement-pour-le-bien-de-votre-entreprise\/"},"wordCount":308,"commentCount":0,"publisher":{"@id":"https:\/\/duegipackaging.com\/#organization"},"image":{"@id":"https:\/\/duegipackaging.com\/fr\/think-smart-fr\/nous-sommes-durables-egalement-pour-le-bien-de-votre-entreprise\/#primaryimage"},"thumbnailUrl":"https:\/\/i0.wp.com\/duegipackaging.com\/wp-content\/uploads\/2023\/10\/bambu-duegi-packaging-carbon-footprint.jpg?fit=2000%2C1333&ssl=1","keywords":["carbonfootprint","bamb\u00f9","decarbonizzazione","co2","sostenibili"],"articleSection":["Think Smart"],"inLanguage":"fr-FR","potentialAction":[{"@type":"CommentAction","name":"Comment","target":["https:\/\/duegipackaging.com\/fr\/think-smart-fr\/nous-sommes-durables-egalement-pour-le-bien-de-votre-entreprise\/#respond"]}]},{"@type":"WebPage","@id":"https:\/\/duegipackaging.com\/fr\/think-smart-fr\/nous-sommes-durables-egalement-pour-le-bien-de-votre-entreprise\/","url":"https:\/\/duegipackaging.com\/fr\/think-smart-fr\/nous-sommes-durables-egalement-pour-le-bien-de-votre-entreprise\/","name":"Nous sommes durables, \u00e9galement pour le bien de votre entreprise. | Duegi Packaging","isPartOf":{"@id":"https:\/\/duegipackaging.com\/#website"},"primaryImageOfPage":{"@id":"https:\/\/duegipackaging.com\/fr\/think-smart-fr\/nous-sommes-durables-egalement-pour-le-bien-de-votre-entreprise\/#primaryimage"},"image":{"@id":"https:\/\/duegipackaging.com\/fr\/think-smart-fr\/nous-sommes-durables-egalement-pour-le-bien-de-votre-entreprise\/#primaryimage"},"thumbnailUrl":"https:\/\/i0.wp.com\/duegipackaging.com\/wp-content\/uploads\/2023\/10\/bambu-duegi-packaging-carbon-footprint.jpg?fit=2000%2C1333&ssl=1","datePublished":"2024-02-13T10:12:36+00:00","dateModified":"2024-02-13T10:42:40+00:00","description":"Nous sommes durables, \u00e9galement pour le bien de votre entreprise. Entra in Duegi Packaging e vieni a scoprire come abbiamo deciso di compensare la nostra carbon footprint.","breadcrumb":{"@id":"https:\/\/duegipackaging.com\/fr\/think-smart-fr\/nous-sommes-durables-egalement-pour-le-bien-de-votre-entreprise\/#breadcrumb"},"inLanguage":"fr-FR","potentialAction":[{"@type":"ReadAction","target":["https:\/\/duegipackaging.com\/fr\/think-smart-fr\/nous-sommes-durables-egalement-pour-le-bien-de-votre-entreprise\/"]}]},{"@type":"ImageObject","inLanguage":"fr-FR","@id":"https:\/\/duegipackaging.com\/fr\/think-smart-fr\/nous-sommes-durables-egalement-pour-le-bien-de-votre-entreprise\/#primaryimage","url":"https:\/\/i0.wp.com\/duegipackaging.com\/wp-content\/uploads\/2023\/10\/bambu-duegi-packaging-carbon-footprint.jpg?fit=2000%2C1333&ssl=1","contentUrl":"https:\/\/i0.wp.com\/duegipackaging.com\/wp-content\/uploads\/2023\/10\/bambu-duegi-packaging-carbon-footprint.jpg?fit=2000%2C1333&ssl=1","width":2000,"height":1333},{"@type":"BreadcrumbList","@id":"https:\/\/duegipackaging.com\/fr\/think-smart-fr\/nous-sommes-durables-egalement-pour-le-bien-de-votre-entreprise\/#breadcrumb","itemListElement":[{"@type":"ListItem","position":1,"name":"Home","item":"https:\/\/duegipackaging.com\/fr\/"},{"@type":"ListItem","position":2,"name":"Nous sommes durables, \u00e9galement pour le bien de votre entreprise."}]},{"@type":"WebSite","@id":"https:\/\/duegipackaging.com\/#website","url":"https:\/\/duegipackaging.com\/","name":"Duegi Packaging","description":"Produzione Scatole e packaging","publisher":{"@id":"https:\/\/duegipackaging.com\/#organization"},"potentialAction":[{"@type":"SearchAction","target":{"@type":"EntryPoint","urlTemplate":"https:\/\/duegipackaging.com\/?s={search_term_string}"},"query-input":{"@type":"PropertyValueSpecification","valueRequired":true,"valueName":"search_term_string"}}],"inLanguage":"fr-FR"},{"@type":"Organization","@id":"https:\/\/duegipackaging.com\/#organization","name":"Duegi Packaging","url":"https:\/\/duegipackaging.com\/","logo":{"@type":"ImageObject","inLanguage":"fr-FR","@id":"https:\/\/duegipackaging.com\/#\/schema\/logo\/image\/","url":"https:\/\/i0.wp.com\/duegipackaging.com\/wp-content\/uploads\/2020\/05\/screenshot.png?fit=1200%2C900&ssl=1","contentUrl":"https:\/\/i0.wp.com\/duegipackaging.com\/wp-content\/uploads\/2020\/05\/screenshot.png?fit=1200%2C900&ssl=1","width":1200,"height":900,"caption":"Duegi Packaging"},"image":{"@id":"https:\/\/duegipackaging.com\/#\/schema\/logo\/image\/"}},{"@type":"Person","@id":"https:\/\/duegipackaging.com\/#\/schema\/person\/fd52640863a87b88cd02333e0271fd51","name":"duegi","image":{"@type":"ImageObject","inLanguage":"fr-FR","@id":"https:\/\/duegipackaging.com\/#\/schema\/person\/image\/","url":"https:\/\/secure.gravatar.com\/avatar\/6ab5fb5639cd033750e15f7243285670d41c7ea5479a75da3d1aeabf98b753ef?s=96&d=mm&r=g","contentUrl":"https:\/\/secure.gravatar.com\/avatar\/6ab5fb5639cd033750e15f7243285670d41c7ea5479a75da3d1aeabf98b753ef?s=96&d=mm&r=g","caption":"duegi"},"url":"https:\/\/duegipackaging.com\/fr\/author\/duegi\/"}]}},"jetpack_featured_media_url":"https:\/\/i0.wp.com\/duegipackaging.com\/wp-content\/uploads\/2023\/10\/bambu-duegi-packaging-carbon-footprint.jpg?fit=2000%2C1333&ssl=1","jetpack_sharing_enabled":true,"_links":{"self":[{"href":"https:\/\/duegipackaging.com\/fr\/wp-json\/wp\/v2\/posts\/7802","targetHints":{"allow":["GET"]}}],"collection":[{"href":"https:\/\/duegipackaging.com\/fr\/wp-json\/wp\/v2\/posts"}],"about":[{"href":"https:\/\/duegipackaging.com\/fr\/wp-json\/wp\/v2\/types\/post"}],"author":[{"embeddable":true,"href":"https:\/\/duegipackaging.com\/fr\/wp-json\/wp\/v2\/users\/3"}],"replies":[{"embeddable":true,"href":"https:\/\/duegipackaging.com\/fr\/wp-json\/wp\/v2\/comments?post=7802"}],"version-history":[{"count":5,"href":"https:\/\/duegipackaging.com\/fr\/wp-json\/wp\/v2\/posts\/7802\/revisions"}],"predecessor-version":[{"id":8167,"href":"https:\/\/duegipackaging.com\/fr\/wp-json\/wp\/v2\/posts\/7802\/revisions\/8167"}],"wp:featuredmedia":[{"embeddable":true,"href":"https:\/\/duegipackaging.com\/fr\/wp-json\/wp\/v2\/media\/7816"}],"wp:attachment":[{"href":"https:\/\/duegipackaging.com\/fr\/wp-json\/wp\/v2\/media?parent=7802"}],"wp:term":[{"taxonomy":"category","embeddable":true,"href":"https:\/\/duegipackaging.com\/fr\/wp-json\/wp\/v2\/categories?post=7802"},{"taxonomy":"post_tag","embeddable":true,"href":"https:\/\/duegipackaging.com\/fr\/wp-json\/wp\/v2\/tags?post=7802"}],"curies":[{"name":"wp","href":"https:\/\/api.w.org\/{rel}","templated":true}]}}