{"id":3936,"date":"2021-04-06T14:48:27","date_gmt":"2021-04-06T12:48:27","guid":{"rendered":"https:\/\/duegipackaging.com\/?p=3936"},"modified":"2021-04-06T14:58:52","modified_gmt":"2021-04-06T12:58:52","slug":"recyclage-nouvelle-reglementation","status":"publish","type":"post","link":"https:\/\/duegipackaging.com\/fr\/think-smart-fr\/recyclage-nouvelle-reglementation\/","title":{"rendered":"RECYCLAGE &#8211; NOUVELLE R\u00c9GLEMENTATION"},"content":{"rendered":"\n<p><strong>Dans notre identit\u00e9, dans nos g\u00e8nes, il y a des valeurs qui se combinent avec les besoins actuels, l&rsquo;\u00e9co-durabilit\u00e9 requise pour la protection de l&rsquo;environnement, pour la protection sociale et pour une entreprise fond\u00e9e sur l&rsquo;\u00e9thique.<\/strong><\/p>\n\n\n\n<p>Nous produisons principalement des bo\u00eetes enduites. Ce sont pr\u00e9cis\u00e9ment ces bo\u00eetes construites avec du carton solide, non ondul\u00e9, coupl\u00e9 et enduit de papier.<\/p>\n\n\n\n<p><strong>Tous les mat\u00e9riaux que nous utilisons sont enti\u00e8rement recyclables,<\/strong> m\u00eame le ruban thermocollant qui maintient tout ce qui est coll\u00e9 est produit en papier. Le mat\u00e9riau utilis\u00e9 principalement et en termes de poids est le carton gris qui est le recycl\u00e9 par excellence. On choisit ensuite soigneusement les papiers avec lesquels on va l&rsquo;assortir pour l&rsquo;int\u00e9rieur ou pour le recouvrir pour l&rsquo;ext\u00e9rieur, ils sont indispensables \u00e0 la r\u00e9ussite du colis.<\/p>\n\n\n\n<p>Tous les papiers ne conviennent pas au traitement du papier, ils subissent des contraintes lors du traitement et nous avons souvent besoin que le papier contienne des fibres pour donner de la substance au produit. Cela a historiquement conduit \u00e0 l&rsquo;exclusion de l&rsquo;utilisation de papier recycl\u00e9 car il ne contient pas assez de fibres \u00e0 l&rsquo;int\u00e9rieur et au contact des colles, il se d\u00e9fait litt\u00e9ralement, perdant du nerf. Plus la bo\u00eete est grande, plus elle a besoin de fibres pour rester plane.<\/p>\n\n\n\n<p><strong>Nouvelle l\u00e9gislation sur l&rsquo;\u00e9tiquetage du recyclage<\/strong><\/p>\n\n\n\n<p><strong>L&rsquo;objectif fix\u00e9 par l&rsquo;UE pour cette ann\u00e9e est de pouvoir recycler 74% du papier au total,<\/strong> un objectif possible uniquement si une gestion efficace de la collecte s\u00e9lective est garantie, en r\u00e9duisant les exportations de papier \u00e0 recycler en dehors de l&rsquo;Union europ\u00e9enne, mais aussi en augmentant la sensibilit\u00e9 \u00e0 la fois chez les producteurs et les consommateurs qui doivent \u00eatre inform\u00e9s sur l&rsquo;\u00e9limination correcte du contenant de contenu. Toutes nos actions, m\u00eame les plus petites, peuvent vraiment faire la diff\u00e9rence, nous transportant ainsi que les nouvelles g\u00e9n\u00e9rations vers un avenir vraiment vert.<\/p>\n\n\n\n<p><strong>Les nouvelles lois exigent une identification correcte des mat\u00e9riaux par toute la cha\u00eene d&rsquo;approvisionnement concern\u00e9e jusqu&rsquo;\u00e0 l&rsquo;utilisateur final de l&#8217;emballage.<\/strong> Cela se fait en lisant l&rsquo;\u00e9tiquetage sur l&#8217;emballage qui est devenu obligatoire depuis septembre 2020.<\/p>\n\n\n\n<p>En particulier, la norme exige que tous les emballages soient <em>\u00abcorrectement \u00e9tiquet\u00e9s selon les proc\u00e9dures \u00e9tablies par les normes techniques UNI applicables et conform\u00e9ment aux d\u00e9cisions adopt\u00e9es par la Commission de l&rsquo;Union europ\u00e9enne, afin de faciliter la collecte, la r\u00e9utilisation, la r\u00e9cup\u00e9ration et le recyclage des emballages. , ainsi que pour fournir aux consommateurs des informations correctes sur les destinations finales des emballages \u00ab\u00a0.<\/em><\/p>\n\n\n\n<p><strong>Nos coffrets doivent porter la marque du logo PAP 21<\/strong> (un triangle form\u00e9 de 3 fl\u00e9chettes qui se succ\u00e8dent avec le num\u00e9ro 21 au centre) <strong>et sur les produits vendus en Italie \u00e9galement une \u00e9criture claire \u00ab\u00a0Raccolta Carta\u00a0\u00bb<\/strong>. Ce sera l&rsquo;avenir, il n&rsquo;y aura plus de produits sur le march\u00e9 sans \u00e9tiquetage et toutes les hypoth\u00e8ses sont actuellement \u00e0 l&rsquo;\u00e9tude.<\/p>\n\n\n\n<p><strong>Duegi Packaging est certifi\u00e9 FSC\u00ae depuis 10 ans<\/strong><\/p>\n\n\n\n<p>Au secours de la conscience verte qui nous accompagne depuis toujours, nous avons d\u00e9cid\u00e9 de nous certifier selon la <strong>norme internationale FSC\u00ae<\/strong>, attribuable \u00e0 la gestion consciente des for\u00eats. Notre produit \u00e9tant un sujet important dans la cha\u00eene d&rsquo;approvisionnement des produits bois, le choix a \u00e9t\u00e9 fait aussi et surtout de sensibiliser les clients et les utilisateurs finaux \u00e0 l&rsquo;importance d&rsquo;une gestion juste et cr\u00e9dible des ressources foresti\u00e8res. Nous suivons cette voie depuis dix ans maintenant, alors que l&rsquo;\u00e9thique du vert n&rsquo;\u00e9tait pas si pressante et demand\u00e9e m\u00eame par les consommateurs.<\/p>\n\n\n\n<p><strong>Notre coffret reste intact pour \u00eatre r\u00e9utilis\u00e9 m\u00eame apr\u00e8s son utilisation r\u00e9elle, invitez toujours le consommateur \u00e0 le r\u00e9utiliser en le sensibilisant.<\/strong> Cela permet de faire un marketing apr\u00e8s la vente du produit, une bo\u00eete qui dure dans le temps est synonyme de qualit\u00e9, voire de ce qu&rsquo;elle contient.\r\n\r\n&nbsp;<\/p>\n\n\n\n<p>Nous continuons \u00e0 nous poser la question \u00e9thique du type de mati\u00e8re premi\u00e8re utilis\u00e9e, nous nous effor\u00e7ons de ne pas contribuer \u00e0 cr\u00e9er des d\u00e9chets industriels en gaspillant des ressources nobles comme le papier qui reste pour nous la mati\u00e8re premi\u00e8re par excellence. Nous sommes des consommateurs conscients de mat\u00e9riaux qui, lors de notre transformation, sont s\u00e9par\u00e9s, r\u00e9cup\u00e9r\u00e9s, tri\u00e9s et livr\u00e9s pour la r\u00e9g\u00e9n\u00e9ration du nouveau carton.\r\n<\/p>\n","protected":false},"excerpt":{"rendered":"<p>Nos coffrets doivent porter la marque du logo PAP 21 (un triangle form\u00e9 de 3 fl\u00e9chettes qui se succ\u00e8dent avec le num\u00e9ro 21 au centre) et sur les produits vendus en Italie \u00e9galement une \u00e9criture claire \u00ab\u00a0Raccolta Carta\u00a0\u00bb.  [&#8230;]<\/p>\n<p><a class=\"btn btn-secondary understrap-read-more-link\" href=\"https:\/\/duegipackaging.com\/fr\/think-smart-fr\/recyclage-nouvelle-reglementation\/\">Lire la suite\u2026<span class=\"screen-reader-text\"> from RECYCLAGE &#8211; NOUVELLE R\u00c9GLEMENTATION<\/span><\/a><\/p>\n","protected":false},"author":3,"featured_media":3951,"comment_status":"open","ping_status":"open","sticky":false,"template":"","format":"standard","meta":{"_acf_changed":false,"_jetpack_memberships_contains_paid_content":false,"footnotes":""},"categories":[45],"tags":[],"class_list":["post-3936","post","type-post","status-publish","format-standard","has-post-thumbnail","hentry","category-think-smart-fr"],"acf":[],"yoast_head":"<!-- This site is optimized with the Yoast SEO plugin v26.4 - https:\/\/yoast.com\/wordpress\/plugins\/seo\/ -->\n<title>RECYCLAGE - NOUVELLE R\u00c9GLEMENTATION | Duegi Packaging<\/title>\n<meta name=\"description\" content=\"Stai cercando RECYCLAGE - NOUVELLE R\u00c9GLEMENTATION? Entra in Duegi Packaging e vieni a scoprire la qualit\u00e0 dei nostri prodotti con certificazioni di qualit\u00e0. Ti aspettiamo!\" \/>\n<meta name=\"robots\" content=\"index, follow, max-snippet:-1, max-image-preview:large, max-video-preview:-1\" \/>\n<link rel=\"canonical\" href=\"https:\/\/duegipackaging.com\/fr\/think-smart-fr\/recyclage-nouvelle-reglementation\/\" \/>\n<meta property=\"og:locale\" content=\"fr_FR\" \/>\n<meta property=\"og:type\" content=\"article\" \/>\n<meta property=\"og:title\" content=\"RECYCLAGE - NOUVELLE R\u00c9GLEMENTATION | Duegi Packaging\" \/>\n<meta property=\"og:description\" content=\"Stai cercando RECYCLAGE - NOUVELLE R\u00c9GLEMENTATION? Entra in Duegi Packaging e vieni a scoprire la qualit\u00e0 dei nostri prodotti con certificazioni di qualit\u00e0. Ti aspettiamo!\" \/>\n<meta property=\"og:url\" content=\"https:\/\/duegipackaging.com\/fr\/think-smart-fr\/recyclage-nouvelle-reglementation\/\" \/>\n<meta property=\"og:site_name\" content=\"Duegi Packaging\" \/>\n<meta property=\"article:published_time\" content=\"2021-04-06T12:48:27+00:00\" \/>\n<meta property=\"article:modified_time\" content=\"2021-04-06T12:58:52+00:00\" \/>\n<meta property=\"og:image\" content=\"https:\/\/duegipackaging.com\/wp-content\/uploads\/2021\/04\/PAP21-testata-FRA.jpg\" \/>\n\t<meta property=\"og:image:width\" content=\"1154\" \/>\n\t<meta property=\"og:image:height\" content=\"445\" \/>\n\t<meta property=\"og:image:type\" content=\"image\/jpeg\" \/>\n<meta name=\"author\" content=\"duegi\" \/>\n<meta name=\"twitter:card\" content=\"summary_large_image\" \/>\n<meta name=\"twitter:label1\" content=\"\u00c9crit par\" \/>\n\t<meta name=\"twitter:data1\" content=\"duegi\" \/>\n\t<meta name=\"twitter:label2\" content=\"Dur\u00e9e de lecture estim\u00e9e\" \/>\n\t<meta name=\"twitter:data2\" content=\"3 minutes\" \/>\n<script type=\"application\/ld+json\" class=\"yoast-schema-graph\">{\"@context\":\"https:\/\/schema.org\",\"@graph\":[{\"@type\":\"Article\",\"@id\":\"https:\/\/duegipackaging.com\/fr\/think-smart-fr\/recyclage-nouvelle-reglementation\/#article\",\"isPartOf\":{\"@id\":\"https:\/\/duegipackaging.com\/fr\/think-smart-fr\/recyclage-nouvelle-reglementation\/\"},\"author\":{\"name\":\"duegi\",\"@id\":\"https:\/\/duegipackaging.com\/#\/schema\/person\/fd52640863a87b88cd02333e0271fd51\"},\"headline\":\"RECYCLAGE &#8211; NOUVELLE R\u00c9GLEMENTATION\",\"datePublished\":\"2021-04-06T12:48:27+00:00\",\"dateModified\":\"2021-04-06T12:58:52+00:00\",\"mainEntityOfPage\":{\"@id\":\"https:\/\/duegipackaging.com\/fr\/think-smart-fr\/recyclage-nouvelle-reglementation\/\"},\"wordCount\":776,\"commentCount\":0,\"publisher\":{\"@id\":\"https:\/\/duegipackaging.com\/#organization\"},\"image\":{\"@id\":\"https:\/\/duegipackaging.com\/fr\/think-smart-fr\/recyclage-nouvelle-reglementation\/#primaryimage\"},\"thumbnailUrl\":\"https:\/\/i0.wp.com\/duegipackaging.com\/wp-content\/uploads\/2021\/04\/PAP21-testata-FRA.jpg?fit=1154%2C445&ssl=1\",\"articleSection\":[\"Think Smart\"],\"inLanguage\":\"fr-FR\",\"potentialAction\":[{\"@type\":\"CommentAction\",\"name\":\"Comment\",\"target\":[\"https:\/\/duegipackaging.com\/fr\/think-smart-fr\/recyclage-nouvelle-reglementation\/#respond\"]}]},{\"@type\":\"WebPage\",\"@id\":\"https:\/\/duegipackaging.com\/fr\/think-smart-fr\/recyclage-nouvelle-reglementation\/\",\"url\":\"https:\/\/duegipackaging.com\/fr\/think-smart-fr\/recyclage-nouvelle-reglementation\/\",\"name\":\"RECYCLAGE - NOUVELLE R\u00c9GLEMENTATION | Duegi Packaging\",\"isPartOf\":{\"@id\":\"https:\/\/duegipackaging.com\/#website\"},\"primaryImageOfPage\":{\"@id\":\"https:\/\/duegipackaging.com\/fr\/think-smart-fr\/recyclage-nouvelle-reglementation\/#primaryimage\"},\"image\":{\"@id\":\"https:\/\/duegipackaging.com\/fr\/think-smart-fr\/recyclage-nouvelle-reglementation\/#primaryimage\"},\"thumbnailUrl\":\"https:\/\/i0.wp.com\/duegipackaging.com\/wp-content\/uploads\/2021\/04\/PAP21-testata-FRA.jpg?fit=1154%2C445&ssl=1\",\"datePublished\":\"2021-04-06T12:48:27+00:00\",\"dateModified\":\"2021-04-06T12:58:52+00:00\",\"description\":\"Stai cercando RECYCLAGE - NOUVELLE R\u00c9GLEMENTATION? Entra in Duegi Packaging e vieni a scoprire la qualit\u00e0 dei nostri prodotti con certificazioni di qualit\u00e0. Ti aspettiamo!\",\"breadcrumb\":{\"@id\":\"https:\/\/duegipackaging.com\/fr\/think-smart-fr\/recyclage-nouvelle-reglementation\/#breadcrumb\"},\"inLanguage\":\"fr-FR\",\"potentialAction\":[{\"@type\":\"ReadAction\",\"target\":[\"https:\/\/duegipackaging.com\/fr\/think-smart-fr\/recyclage-nouvelle-reglementation\/\"]}]},{\"@type\":\"ImageObject\",\"inLanguage\":\"fr-FR\",\"@id\":\"https:\/\/duegipackaging.com\/fr\/think-smart-fr\/recyclage-nouvelle-reglementation\/#primaryimage\",\"url\":\"https:\/\/i0.wp.com\/duegipackaging.com\/wp-content\/uploads\/2021\/04\/PAP21-testata-FRA.jpg?fit=1154%2C445&ssl=1\",\"contentUrl\":\"https:\/\/i0.wp.com\/duegipackaging.com\/wp-content\/uploads\/2021\/04\/PAP21-testata-FRA.jpg?fit=1154%2C445&ssl=1\",\"width\":1154,\"height\":445},{\"@type\":\"BreadcrumbList\",\"@id\":\"https:\/\/duegipackaging.com\/fr\/think-smart-fr\/recyclage-nouvelle-reglementation\/#breadcrumb\",\"itemListElement\":[{\"@type\":\"ListItem\",\"position\":1,\"name\":\"Home\",\"item\":\"https:\/\/duegipackaging.com\/fr\/\"},{\"@type\":\"ListItem\",\"position\":2,\"name\":\"RECYCLAGE &#8211; NOUVELLE R\u00c9GLEMENTATION\"}]},{\"@type\":\"WebSite\",\"@id\":\"https:\/\/duegipackaging.com\/#website\",\"url\":\"https:\/\/duegipackaging.com\/\",\"name\":\"Duegi Packaging\",\"description\":\"Produzione Scatole e packaging\",\"publisher\":{\"@id\":\"https:\/\/duegipackaging.com\/#organization\"},\"potentialAction\":[{\"@type\":\"SearchAction\",\"target\":{\"@type\":\"EntryPoint\",\"urlTemplate\":\"https:\/\/duegipackaging.com\/?s={search_term_string}\"},\"query-input\":{\"@type\":\"PropertyValueSpecification\",\"valueRequired\":true,\"valueName\":\"search_term_string\"}}],\"inLanguage\":\"fr-FR\"},{\"@type\":\"Organization\",\"@id\":\"https:\/\/duegipackaging.com\/#organization\",\"name\":\"Duegi Packaging\",\"url\":\"https:\/\/duegipackaging.com\/\",\"logo\":{\"@type\":\"ImageObject\",\"inLanguage\":\"fr-FR\",\"@id\":\"https:\/\/duegipackaging.com\/#\/schema\/logo\/image\/\",\"url\":\"https:\/\/i0.wp.com\/duegipackaging.com\/wp-content\/uploads\/2020\/05\/screenshot.png?fit=1200%2C900&ssl=1\",\"contentUrl\":\"https:\/\/i0.wp.com\/duegipackaging.com\/wp-content\/uploads\/2020\/05\/screenshot.png?fit=1200%2C900&ssl=1\",\"width\":1200,\"height\":900,\"caption\":\"Duegi Packaging\"},\"image\":{\"@id\":\"https:\/\/duegipackaging.com\/#\/schema\/logo\/image\/\"}},{\"@type\":\"Person\",\"@id\":\"https:\/\/duegipackaging.com\/#\/schema\/person\/fd52640863a87b88cd02333e0271fd51\",\"name\":\"duegi\",\"image\":{\"@type\":\"ImageObject\",\"inLanguage\":\"fr-FR\",\"@id\":\"https:\/\/duegipackaging.com\/#\/schema\/person\/image\/\",\"url\":\"https:\/\/secure.gravatar.com\/avatar\/6ab5fb5639cd033750e15f7243285670d41c7ea5479a75da3d1aeabf98b753ef?s=96&d=mm&r=g\",\"contentUrl\":\"https:\/\/secure.gravatar.com\/avatar\/6ab5fb5639cd033750e15f7243285670d41c7ea5479a75da3d1aeabf98b753ef?s=96&d=mm&r=g\",\"caption\":\"duegi\"},\"url\":\"https:\/\/duegipackaging.com\/fr\/author\/duegi\/\"}]}<\/script>\n<!-- \/ Yoast SEO plugin. -->","yoast_head_json":{"title":"RECYCLAGE - NOUVELLE R\u00c9GLEMENTATION | Duegi Packaging","description":"Stai cercando RECYCLAGE - NOUVELLE R\u00c9GLEMENTATION? Entra in Duegi Packaging e vieni a scoprire la qualit\u00e0 dei nostri prodotti con certificazioni di qualit\u00e0. Ti aspettiamo!","robots":{"index":"index","follow":"follow","max-snippet":"max-snippet:-1","max-image-preview":"max-image-preview:large","max-video-preview":"max-video-preview:-1"},"canonical":"https:\/\/duegipackaging.com\/fr\/think-smart-fr\/recyclage-nouvelle-reglementation\/","og_locale":"fr_FR","og_type":"article","og_title":"RECYCLAGE - NOUVELLE R\u00c9GLEMENTATION | Duegi Packaging","og_description":"Stai cercando RECYCLAGE - NOUVELLE R\u00c9GLEMENTATION? Entra in Duegi Packaging e vieni a scoprire la qualit\u00e0 dei nostri prodotti con certificazioni di qualit\u00e0. Ti aspettiamo!","og_url":"https:\/\/duegipackaging.com\/fr\/think-smart-fr\/recyclage-nouvelle-reglementation\/","og_site_name":"Duegi Packaging","article_published_time":"2021-04-06T12:48:27+00:00","article_modified_time":"2021-04-06T12:58:52+00:00","og_image":[{"width":1154,"height":445,"url":"https:\/\/duegipackaging.com\/wp-content\/uploads\/2021\/04\/PAP21-testata-FRA.jpg","type":"image\/jpeg"}],"author":"duegi","twitter_card":"summary_large_image","twitter_misc":{"\u00c9crit par":"duegi","Dur\u00e9e de lecture estim\u00e9e":"3 minutes"},"schema":{"@context":"https:\/\/schema.org","@graph":[{"@type":"Article","@id":"https:\/\/duegipackaging.com\/fr\/think-smart-fr\/recyclage-nouvelle-reglementation\/#article","isPartOf":{"@id":"https:\/\/duegipackaging.com\/fr\/think-smart-fr\/recyclage-nouvelle-reglementation\/"},"author":{"name":"duegi","@id":"https:\/\/duegipackaging.com\/#\/schema\/person\/fd52640863a87b88cd02333e0271fd51"},"headline":"RECYCLAGE &#8211; NOUVELLE R\u00c9GLEMENTATION","datePublished":"2021-04-06T12:48:27+00:00","dateModified":"2021-04-06T12:58:52+00:00","mainEntityOfPage":{"@id":"https:\/\/duegipackaging.com\/fr\/think-smart-fr\/recyclage-nouvelle-reglementation\/"},"wordCount":776,"commentCount":0,"publisher":{"@id":"https:\/\/duegipackaging.com\/#organization"},"image":{"@id":"https:\/\/duegipackaging.com\/fr\/think-smart-fr\/recyclage-nouvelle-reglementation\/#primaryimage"},"thumbnailUrl":"https:\/\/i0.wp.com\/duegipackaging.com\/wp-content\/uploads\/2021\/04\/PAP21-testata-FRA.jpg?fit=1154%2C445&ssl=1","articleSection":["Think Smart"],"inLanguage":"fr-FR","potentialAction":[{"@type":"CommentAction","name":"Comment","target":["https:\/\/duegipackaging.com\/fr\/think-smart-fr\/recyclage-nouvelle-reglementation\/#respond"]}]},{"@type":"WebPage","@id":"https:\/\/duegipackaging.com\/fr\/think-smart-fr\/recyclage-nouvelle-reglementation\/","url":"https:\/\/duegipackaging.com\/fr\/think-smart-fr\/recyclage-nouvelle-reglementation\/","name":"RECYCLAGE - NOUVELLE R\u00c9GLEMENTATION | Duegi Packaging","isPartOf":{"@id":"https:\/\/duegipackaging.com\/#website"},"primaryImageOfPage":{"@id":"https:\/\/duegipackaging.com\/fr\/think-smart-fr\/recyclage-nouvelle-reglementation\/#primaryimage"},"image":{"@id":"https:\/\/duegipackaging.com\/fr\/think-smart-fr\/recyclage-nouvelle-reglementation\/#primaryimage"},"thumbnailUrl":"https:\/\/i0.wp.com\/duegipackaging.com\/wp-content\/uploads\/2021\/04\/PAP21-testata-FRA.jpg?fit=1154%2C445&ssl=1","datePublished":"2021-04-06T12:48:27+00:00","dateModified":"2021-04-06T12:58:52+00:00","description":"Stai cercando RECYCLAGE - NOUVELLE R\u00c9GLEMENTATION? Entra in Duegi Packaging e vieni a scoprire la qualit\u00e0 dei nostri prodotti con certificazioni di qualit\u00e0. Ti aspettiamo!","breadcrumb":{"@id":"https:\/\/duegipackaging.com\/fr\/think-smart-fr\/recyclage-nouvelle-reglementation\/#breadcrumb"},"inLanguage":"fr-FR","potentialAction":[{"@type":"ReadAction","target":["https:\/\/duegipackaging.com\/fr\/think-smart-fr\/recyclage-nouvelle-reglementation\/"]}]},{"@type":"ImageObject","inLanguage":"fr-FR","@id":"https:\/\/duegipackaging.com\/fr\/think-smart-fr\/recyclage-nouvelle-reglementation\/#primaryimage","url":"https:\/\/i0.wp.com\/duegipackaging.com\/wp-content\/uploads\/2021\/04\/PAP21-testata-FRA.jpg?fit=1154%2C445&ssl=1","contentUrl":"https:\/\/i0.wp.com\/duegipackaging.com\/wp-content\/uploads\/2021\/04\/PAP21-testata-FRA.jpg?fit=1154%2C445&ssl=1","width":1154,"height":445},{"@type":"BreadcrumbList","@id":"https:\/\/duegipackaging.com\/fr\/think-smart-fr\/recyclage-nouvelle-reglementation\/#breadcrumb","itemListElement":[{"@type":"ListItem","position":1,"name":"Home","item":"https:\/\/duegipackaging.com\/fr\/"},{"@type":"ListItem","position":2,"name":"RECYCLAGE &#8211; NOUVELLE R\u00c9GLEMENTATION"}]},{"@type":"WebSite","@id":"https:\/\/duegipackaging.com\/#website","url":"https:\/\/duegipackaging.com\/","name":"Duegi Packaging","description":"Produzione Scatole e packaging","publisher":{"@id":"https:\/\/duegipackaging.com\/#organization"},"potentialAction":[{"@type":"SearchAction","target":{"@type":"EntryPoint","urlTemplate":"https:\/\/duegipackaging.com\/?s={search_term_string}"},"query-input":{"@type":"PropertyValueSpecification","valueRequired":true,"valueName":"search_term_string"}}],"inLanguage":"fr-FR"},{"@type":"Organization","@id":"https:\/\/duegipackaging.com\/#organization","name":"Duegi Packaging","url":"https:\/\/duegipackaging.com\/","logo":{"@type":"ImageObject","inLanguage":"fr-FR","@id":"https:\/\/duegipackaging.com\/#\/schema\/logo\/image\/","url":"https:\/\/i0.wp.com\/duegipackaging.com\/wp-content\/uploads\/2020\/05\/screenshot.png?fit=1200%2C900&ssl=1","contentUrl":"https:\/\/i0.wp.com\/duegipackaging.com\/wp-content\/uploads\/2020\/05\/screenshot.png?fit=1200%2C900&ssl=1","width":1200,"height":900,"caption":"Duegi Packaging"},"image":{"@id":"https:\/\/duegipackaging.com\/#\/schema\/logo\/image\/"}},{"@type":"Person","@id":"https:\/\/duegipackaging.com\/#\/schema\/person\/fd52640863a87b88cd02333e0271fd51","name":"duegi","image":{"@type":"ImageObject","inLanguage":"fr-FR","@id":"https:\/\/duegipackaging.com\/#\/schema\/person\/image\/","url":"https:\/\/secure.gravatar.com\/avatar\/6ab5fb5639cd033750e15f7243285670d41c7ea5479a75da3d1aeabf98b753ef?s=96&d=mm&r=g","contentUrl":"https:\/\/secure.gravatar.com\/avatar\/6ab5fb5639cd033750e15f7243285670d41c7ea5479a75da3d1aeabf98b753ef?s=96&d=mm&r=g","caption":"duegi"},"url":"https:\/\/duegipackaging.com\/fr\/author\/duegi\/"}]}},"jetpack_featured_media_url":"https:\/\/i0.wp.com\/duegipackaging.com\/wp-content\/uploads\/2021\/04\/PAP21-testata-FRA.jpg?fit=1154%2C445&ssl=1","jetpack_sharing_enabled":true,"_links":{"self":[{"href":"https:\/\/duegipackaging.com\/fr\/wp-json\/wp\/v2\/posts\/3936","targetHints":{"allow":["GET"]}}],"collection":[{"href":"https:\/\/duegipackaging.com\/fr\/wp-json\/wp\/v2\/posts"}],"about":[{"href":"https:\/\/duegipackaging.com\/fr\/wp-json\/wp\/v2\/types\/post"}],"author":[{"embeddable":true,"href":"https:\/\/duegipackaging.com\/fr\/wp-json\/wp\/v2\/users\/3"}],"replies":[{"embeddable":true,"href":"https:\/\/duegipackaging.com\/fr\/wp-json\/wp\/v2\/comments?post=3936"}],"version-history":[{"count":3,"href":"https:\/\/duegipackaging.com\/fr\/wp-json\/wp\/v2\/posts\/3936\/revisions"}],"predecessor-version":[{"id":3958,"href":"https:\/\/duegipackaging.com\/fr\/wp-json\/wp\/v2\/posts\/3936\/revisions\/3958"}],"wp:featuredmedia":[{"embeddable":true,"href":"https:\/\/duegipackaging.com\/fr\/wp-json\/wp\/v2\/media\/3951"}],"wp:attachment":[{"href":"https:\/\/duegipackaging.com\/fr\/wp-json\/wp\/v2\/media?parent=3936"}],"wp:term":[{"taxonomy":"category","embeddable":true,"href":"https:\/\/duegipackaging.com\/fr\/wp-json\/wp\/v2\/categories?post=3936"},{"taxonomy":"post_tag","embeddable":true,"href":"https:\/\/duegipackaging.com\/fr\/wp-json\/wp\/v2\/tags?post=3936"}],"curies":[{"name":"wp","href":"https:\/\/api.w.org\/{rel}","templated":true}]}}