{"id":2994,"date":"2020-07-23T15:59:55","date_gmt":"2020-07-23T13:59:55","guid":{"rendered":"https:\/\/duegipackaging.com\/news-fr\/reutilisation-creative\/"},"modified":"2020-07-23T16:00:58","modified_gmt":"2020-07-23T14:00:58","slug":"reutilisation-creative","status":"publish","type":"post","link":"https:\/\/duegipackaging.com\/fr\/news-fr\/reutilisation-creative\/","title":{"rendered":"R\u00e9utilisation Cr\u00e9ative"},"content":{"rendered":"\n<p>Emballage,  dans notre cas, bo\u00eete\u00a0: ce ne sont que quelques-uns des noms avec lesquels vous pouvez indiquer pr\u00e9cis\u00e9ment ce que vous entendez par emballage.<\/p>\n\n<p>Pour trouver sa d\u00e9finition officielle nous vient en aide l\u2019article 218 du d\u00e9cret l\u00e9gislatif 3\u00a0avril\u00a02006, qui le d\u00e9finit comme le produit compos\u00e9 de mat\u00e9riaux de toute nature, destin\u00e9 \u00e0 contenir et \u00e0 prot\u00e9ger certaines marchandises, des mati\u00e8res premi\u00e8res aux produits finis, \u00e0 permettre leur manipulation et leur remise par le producteur au consommateur ou \u00e0 l\u2019utilisateur, et \u00e0 assurer leur pr\u00e9sentation, ainsi que les articles jetables utilis\u00e9s aux m\u00eames fins.<\/p>\n\n<p>Le packaging est donc, en bref, l\u2019emballage qui est utilis\u00e9 pour emballer un produit donn\u00e9.\u00a0Mais est-ce vraiment cela?\u00a0En plus de sa fonction sp\u00e9cifique, l\u2019emballage fait partie int\u00e9grante de la communication m\u00eame du produit, transmet ses caract\u00e9ristiques sp\u00e9cifiques, communique l\u2019identit\u00e9 de la marque et est le premier canal de communication vers l\u2019acheteur potentiel.<\/p>\n\n<p>Une autre question fondamentale de nos jours est la diffusion et la pr\u00e9sence dans la vie quotidienne de l\u2019emballage\u00a0: le nombre total de r\u00e9f\u00e9rences disponibles sur le march\u00e9 est en effet en augmentation constante, le transport de marchandises n\u2019est plus seulement exclusif de GDO ou des activit\u00e9s de vente au d\u00e9tail, mais s\u2019adresse directement au consommateur final, raison pour laquelle le nombre d\u2019emballages a in\u00e9vitablement augment\u00e9 vertigineusement\u00a0: pour avoir une mesure tangible de cette croissance, il suffit de penser que, rien qu\u2019en Italie, l\u2019emballage repr\u00e9sente 1,5% du PIB national, en devenant un secteur o\u00f9 plusieurs milliers de personnes sont employ\u00e9es, toutes avec des comp\u00e9tences diff\u00e9renci\u00e9es.<\/p>\n\n<p>\u00c0 la lumi\u00e8re de tout cela, \u00e0 un moment historique o\u00f9 l\u2019humanit\u00e9 doit in\u00e9vitablement faire face \u00e0 la pollution d\u2019origine anthropique et \u00e0 ses terribles cons\u00e9quences, que peut-on vraiment faire de durable face \u00e0 ce genre de paradoxe de l\u2019emballage? <\/p>\n\n<p>L\u2019imp\u00e9ratif est de r\u00e9duire.<\/p>\n\n<p>\u00c9viter les achats impliquant des emballages \u00e0 usage unique en choisissant par exemple des produits solides qui ne n\u00e9cessitent pas d\u2019enveloppes particuli\u00e8res.\u00a0Remplacer tout ce qui est jetable (shoppers en plastique, vaisselle et gobelets en plastique, bouteilles en plastique, articles de soins personnels jetables) en optant pour des mat\u00e9riaux durables et r\u00e9utilisables.<\/p>\n\n<p>En ce qui concerne les emballages, par contre, il n\u2019est pas toujours possible d\u2019en r\u00e9duire la quantit\u00e9 effective\u00a0: c\u2019est pourquoi il est absolument n\u00e9cessaire d\u2019utiliser des mat\u00e9riaux recyclables postconsommateurs, choisir des solutions d\u2019impression respectueuses de l\u2019environnement et utiliser des sources d\u2019\u00e9nergie renouvelables pour le processus de production, comme Duegi le fait habituellement depuis de nombreuses ann\u00e9es.<\/p>\n\n<p>Apr\u00e8s des d\u00e9cennies de comportements inconscients de la part des producteurs et des consommateurs, il est indispensable aujourd\u2019hui de retrouver des habitudes anciennes destin\u00e9es \u00e0 la r\u00e9utilisation, capables de donner une seconde vie \u00e0 des bo\u00eetes et \u00e0 des emballages.\u00a0De la part de ceux qui produisent, la conception de l\u2019emballage doit donc \u00eatre reprogramm\u00e9e sur tous les niveaux, en \u00e9vitant l\u2019emploi de mat\u00e9riaux inutiles et de la part de ceux qui consomment, en plus d\u2019un mode de vie plus prudent et respectueux, il faut impl\u00e9menter ce que l\u2019on appelle \u00ab\u00a0r\u00e9utilisation cr\u00e9ative\u00a0\u00bb.<\/p>\n\n<p>La v\u00e9ritable r\u00e9volution consiste en effet \u00e0 r\u00e9ussir \u00e0 repenser l\u2019emballage dans une optique compl\u00e8tement diff\u00e9rente par rapport \u00e0 sa taille de \u00ab\u00a0conteneur\u00a0\u00bb et \u00e0 r\u00e9ussir \u00e0 lui donner un emplacement diff\u00e9rent gr\u00e2ce \u00e0 la cr\u00e9ativit\u00e9 et \u00e0 la juste dose de manualit\u00e9.<\/p>\n\n<p>Employer des bo\u00eetes et des palettes pour l\u2019ameublement de votre maison, utiliser les conteneurs pour organiser le garde-manger ou pour commander la garde-robe, Cr\u00e9er des jeux amusants pour les enfants ne sont que quelques exemples d\u2019une r\u00e9utilisation active de ce qui autrement se transformerait en un \u00e9ni\u00e8me refus \u00e0 \u00e9liminer.\u00a0\u00c0 cet \u00e9gard, nous rappelons que le web est une mine presque infinie d\u2019id\u00e9es, de tutoriels et d\u2019images \u00e0 exploiter pour apprendre \u00e0 r\u00e9utiliser avec ing\u00e9niosit\u00e9 et cr\u00e9ativit\u00e9.<\/p>\n\n<p>Recycler n\u2019est plus une tendance ou un libre choix, mais un acte d\u00fb \u00e0 notre plan\u00e8te, la forme la plus \u00e9lev\u00e9e de responsabilit\u00e9 envers les nouvelles g\u00e9n\u00e9rations que nous, en tant qu\u2019entreprise, nous nous engageons \u00e0 d\u00e9fendre chaque jour, en choisissant pour nos bo\u00eetes seulement et exclusivement des mat\u00e9riaux r\u00e9sistants et recyclables \u00e0 100%, selon une vision de durabilit\u00e9 et z\u00e9ro waste fois non seulement \u00e0 r\u00e9duire les d\u00e9chets r\u00e9els, mais aussi \u00e0 rendre toujours moins on\u00e9reux l\u2019impact environnemental qu\u2019ils causent.<\/p>\n\n<h3 class=\"wp-block-heading\">#reusereducerecycle<\/h3>\n","protected":false},"excerpt":{"rendered":"<p>Emballage, dans notre cas, bo\u00eete\u00a0: ce ne sont que quelques-uns des noms avec lesquels vous pouvez indiquer pr\u00e9cis\u00e9ment ce que vous entendez par emballage. Pour trouver sa d\u00e9finition officielle nous vient en aide l\u2019article 218 du d\u00e9cret l\u00e9gislatif 3\u00a0avril\u00a02006, qui le d\u00e9finit comme le produit compos\u00e9 de mat\u00e9riaux de toute nature, destin\u00e9 \u00e0 contenir et [&#8230;]<\/p>\n<p><a class=\"btn btn-secondary understrap-read-more-link\" href=\"https:\/\/duegipackaging.com\/fr\/news-fr\/reutilisation-creative\/\">Lire la suite\u2026<span class=\"screen-reader-text\"> from R\u00e9utilisation Cr\u00e9ative<\/span><\/a><\/p>\n","protected":false},"author":3,"featured_media":2985,"comment_status":"open","ping_status":"open","sticky":false,"template":"","format":"standard","meta":{"_acf_changed":false,"_jetpack_memberships_contains_paid_content":false,"footnotes":""},"categories":[2],"tags":[],"class_list":["post-2994","post","type-post","status-publish","format-standard","has-post-thumbnail","hentry","category-news-fr"],"acf":[],"yoast_head":"<!-- This site is optimized with the Yoast SEO plugin v26.4 - https:\/\/yoast.com\/wordpress\/plugins\/seo\/ -->\n<title>R\u00e9utilisation Cr\u00e9ative | Duegi Packaging<\/title>\n<meta name=\"description\" content=\"Stai cercando R\u00e9utilisation Cr\u00e9ative? Entra in Duegi Packaging e vieni a scoprire la qualit\u00e0 dei nostri prodotti con certificazioni di qualit\u00e0. Ti aspettiamo!\" \/>\n<meta name=\"robots\" content=\"index, follow, max-snippet:-1, max-image-preview:large, max-video-preview:-1\" \/>\n<link rel=\"canonical\" href=\"https:\/\/duegipackaging.com\/fr\/news-fr\/reutilisation-creative\/\" \/>\n<meta property=\"og:locale\" content=\"fr_FR\" \/>\n<meta property=\"og:type\" content=\"article\" \/>\n<meta property=\"og:title\" content=\"R\u00e9utilisation Cr\u00e9ative | Duegi Packaging\" \/>\n<meta property=\"og:description\" content=\"Stai cercando R\u00e9utilisation Cr\u00e9ative? Entra in Duegi Packaging e vieni a scoprire la qualit\u00e0 dei nostri prodotti con certificazioni di qualit\u00e0. Ti aspettiamo!\" \/>\n<meta property=\"og:url\" content=\"https:\/\/duegipackaging.com\/fr\/news-fr\/reutilisation-creative\/\" \/>\n<meta property=\"og:site_name\" content=\"Duegi Packaging\" \/>\n<meta property=\"article:published_time\" content=\"2020-07-23T13:59:55+00:00\" \/>\n<meta property=\"article:modified_time\" content=\"2020-07-23T14:00:58+00:00\" \/>\n<meta property=\"og:image\" content=\"https:\/\/i0.wp.com\/duegipackaging.com\/wp-content\/uploads\/2020\/07\/IMG-20200517-WA0010.jpg?fit=1600%2C1200&ssl=1\" \/>\n\t<meta property=\"og:image:width\" content=\"1600\" \/>\n\t<meta property=\"og:image:height\" content=\"1200\" \/>\n\t<meta property=\"og:image:type\" content=\"image\/jpeg\" \/>\n<meta name=\"author\" content=\"duegi\" \/>\n<meta name=\"twitter:card\" content=\"summary_large_image\" \/>\n<meta name=\"twitter:label1\" content=\"\u00c9crit par\" \/>\n\t<meta name=\"twitter:data1\" content=\"duegi\" \/>\n\t<meta name=\"twitter:label2\" content=\"Dur\u00e9e de lecture estim\u00e9e\" \/>\n\t<meta name=\"twitter:data2\" content=\"4 minutes\" \/>\n<script type=\"application\/ld+json\" class=\"yoast-schema-graph\">{\"@context\":\"https:\/\/schema.org\",\"@graph\":[{\"@type\":\"Article\",\"@id\":\"https:\/\/duegipackaging.com\/fr\/news-fr\/reutilisation-creative\/#article\",\"isPartOf\":{\"@id\":\"https:\/\/duegipackaging.com\/fr\/news-fr\/reutilisation-creative\/\"},\"author\":{\"name\":\"duegi\",\"@id\":\"https:\/\/duegipackaging.com\/#\/schema\/person\/fd52640863a87b88cd02333e0271fd51\"},\"headline\":\"R\u00e9utilisation Cr\u00e9ative\",\"datePublished\":\"2020-07-23T13:59:55+00:00\",\"dateModified\":\"2020-07-23T14:00:58+00:00\",\"mainEntityOfPage\":{\"@id\":\"https:\/\/duegipackaging.com\/fr\/news-fr\/reutilisation-creative\/\"},\"wordCount\":792,\"commentCount\":0,\"publisher\":{\"@id\":\"https:\/\/duegipackaging.com\/#organization\"},\"image\":{\"@id\":\"https:\/\/duegipackaging.com\/fr\/news-fr\/reutilisation-creative\/#primaryimage\"},\"thumbnailUrl\":\"https:\/\/i0.wp.com\/duegipackaging.com\/wp-content\/uploads\/2020\/07\/IMG-20200517-WA0010.jpg?fit=1600%2C1200&ssl=1\",\"articleSection\":[\"news\"],\"inLanguage\":\"fr-FR\",\"potentialAction\":[{\"@type\":\"CommentAction\",\"name\":\"Comment\",\"target\":[\"https:\/\/duegipackaging.com\/fr\/news-fr\/reutilisation-creative\/#respond\"]}]},{\"@type\":\"WebPage\",\"@id\":\"https:\/\/duegipackaging.com\/fr\/news-fr\/reutilisation-creative\/\",\"url\":\"https:\/\/duegipackaging.com\/fr\/news-fr\/reutilisation-creative\/\",\"name\":\"R\u00e9utilisation Cr\u00e9ative | Duegi Packaging\",\"isPartOf\":{\"@id\":\"https:\/\/duegipackaging.com\/#website\"},\"primaryImageOfPage\":{\"@id\":\"https:\/\/duegipackaging.com\/fr\/news-fr\/reutilisation-creative\/#primaryimage\"},\"image\":{\"@id\":\"https:\/\/duegipackaging.com\/fr\/news-fr\/reutilisation-creative\/#primaryimage\"},\"thumbnailUrl\":\"https:\/\/i0.wp.com\/duegipackaging.com\/wp-content\/uploads\/2020\/07\/IMG-20200517-WA0010.jpg?fit=1600%2C1200&ssl=1\",\"datePublished\":\"2020-07-23T13:59:55+00:00\",\"dateModified\":\"2020-07-23T14:00:58+00:00\",\"description\":\"Stai cercando R\u00e9utilisation Cr\u00e9ative? Entra in Duegi Packaging e vieni a scoprire la qualit\u00e0 dei nostri prodotti con certificazioni di qualit\u00e0. Ti aspettiamo!\",\"breadcrumb\":{\"@id\":\"https:\/\/duegipackaging.com\/fr\/news-fr\/reutilisation-creative\/#breadcrumb\"},\"inLanguage\":\"fr-FR\",\"potentialAction\":[{\"@type\":\"ReadAction\",\"target\":[\"https:\/\/duegipackaging.com\/fr\/news-fr\/reutilisation-creative\/\"]}]},{\"@type\":\"ImageObject\",\"inLanguage\":\"fr-FR\",\"@id\":\"https:\/\/duegipackaging.com\/fr\/news-fr\/reutilisation-creative\/#primaryimage\",\"url\":\"https:\/\/i0.wp.com\/duegipackaging.com\/wp-content\/uploads\/2020\/07\/IMG-20200517-WA0010.jpg?fit=1600%2C1200&ssl=1\",\"contentUrl\":\"https:\/\/i0.wp.com\/duegipackaging.com\/wp-content\/uploads\/2020\/07\/IMG-20200517-WA0010.jpg?fit=1600%2C1200&ssl=1\",\"width\":1600,\"height\":1200},{\"@type\":\"BreadcrumbList\",\"@id\":\"https:\/\/duegipackaging.com\/fr\/news-fr\/reutilisation-creative\/#breadcrumb\",\"itemListElement\":[{\"@type\":\"ListItem\",\"position\":1,\"name\":\"Home\",\"item\":\"https:\/\/duegipackaging.com\/fr\/\"},{\"@type\":\"ListItem\",\"position\":2,\"name\":\"R\u00e9utilisation Cr\u00e9ative\"}]},{\"@type\":\"WebSite\",\"@id\":\"https:\/\/duegipackaging.com\/#website\",\"url\":\"https:\/\/duegipackaging.com\/\",\"name\":\"Duegi Packaging\",\"description\":\"Produzione Scatole e packaging\",\"publisher\":{\"@id\":\"https:\/\/duegipackaging.com\/#organization\"},\"potentialAction\":[{\"@type\":\"SearchAction\",\"target\":{\"@type\":\"EntryPoint\",\"urlTemplate\":\"https:\/\/duegipackaging.com\/?s={search_term_string}\"},\"query-input\":{\"@type\":\"PropertyValueSpecification\",\"valueRequired\":true,\"valueName\":\"search_term_string\"}}],\"inLanguage\":\"fr-FR\"},{\"@type\":\"Organization\",\"@id\":\"https:\/\/duegipackaging.com\/#organization\",\"name\":\"Duegi Packaging\",\"url\":\"https:\/\/duegipackaging.com\/\",\"logo\":{\"@type\":\"ImageObject\",\"inLanguage\":\"fr-FR\",\"@id\":\"https:\/\/duegipackaging.com\/#\/schema\/logo\/image\/\",\"url\":\"https:\/\/i0.wp.com\/duegipackaging.com\/wp-content\/uploads\/2020\/05\/screenshot.png?fit=1200%2C900&ssl=1\",\"contentUrl\":\"https:\/\/i0.wp.com\/duegipackaging.com\/wp-content\/uploads\/2020\/05\/screenshot.png?fit=1200%2C900&ssl=1\",\"width\":1200,\"height\":900,\"caption\":\"Duegi Packaging\"},\"image\":{\"@id\":\"https:\/\/duegipackaging.com\/#\/schema\/logo\/image\/\"}},{\"@type\":\"Person\",\"@id\":\"https:\/\/duegipackaging.com\/#\/schema\/person\/fd52640863a87b88cd02333e0271fd51\",\"name\":\"duegi\",\"image\":{\"@type\":\"ImageObject\",\"inLanguage\":\"fr-FR\",\"@id\":\"https:\/\/duegipackaging.com\/#\/schema\/person\/image\/\",\"url\":\"https:\/\/secure.gravatar.com\/avatar\/6ab5fb5639cd033750e15f7243285670d41c7ea5479a75da3d1aeabf98b753ef?s=96&d=mm&r=g\",\"contentUrl\":\"https:\/\/secure.gravatar.com\/avatar\/6ab5fb5639cd033750e15f7243285670d41c7ea5479a75da3d1aeabf98b753ef?s=96&d=mm&r=g\",\"caption\":\"duegi\"},\"url\":\"https:\/\/duegipackaging.com\/fr\/author\/duegi\/\"}]}<\/script>\n<!-- \/ Yoast SEO plugin. -->","yoast_head_json":{"title":"R\u00e9utilisation Cr\u00e9ative | Duegi Packaging","description":"Stai cercando R\u00e9utilisation Cr\u00e9ative? Entra in Duegi Packaging e vieni a scoprire la qualit\u00e0 dei nostri prodotti con certificazioni di qualit\u00e0. Ti aspettiamo!","robots":{"index":"index","follow":"follow","max-snippet":"max-snippet:-1","max-image-preview":"max-image-preview:large","max-video-preview":"max-video-preview:-1"},"canonical":"https:\/\/duegipackaging.com\/fr\/news-fr\/reutilisation-creative\/","og_locale":"fr_FR","og_type":"article","og_title":"R\u00e9utilisation Cr\u00e9ative | Duegi Packaging","og_description":"Stai cercando R\u00e9utilisation Cr\u00e9ative? Entra in Duegi Packaging e vieni a scoprire la qualit\u00e0 dei nostri prodotti con certificazioni di qualit\u00e0. Ti aspettiamo!","og_url":"https:\/\/duegipackaging.com\/fr\/news-fr\/reutilisation-creative\/","og_site_name":"Duegi Packaging","article_published_time":"2020-07-23T13:59:55+00:00","article_modified_time":"2020-07-23T14:00:58+00:00","og_image":[{"width":1600,"height":1200,"url":"https:\/\/i0.wp.com\/duegipackaging.com\/wp-content\/uploads\/2020\/07\/IMG-20200517-WA0010.jpg?fit=1600%2C1200&ssl=1","type":"image\/jpeg"}],"author":"duegi","twitter_card":"summary_large_image","twitter_misc":{"\u00c9crit par":"duegi","Dur\u00e9e de lecture estim\u00e9e":"4 minutes"},"schema":{"@context":"https:\/\/schema.org","@graph":[{"@type":"Article","@id":"https:\/\/duegipackaging.com\/fr\/news-fr\/reutilisation-creative\/#article","isPartOf":{"@id":"https:\/\/duegipackaging.com\/fr\/news-fr\/reutilisation-creative\/"},"author":{"name":"duegi","@id":"https:\/\/duegipackaging.com\/#\/schema\/person\/fd52640863a87b88cd02333e0271fd51"},"headline":"R\u00e9utilisation Cr\u00e9ative","datePublished":"2020-07-23T13:59:55+00:00","dateModified":"2020-07-23T14:00:58+00:00","mainEntityOfPage":{"@id":"https:\/\/duegipackaging.com\/fr\/news-fr\/reutilisation-creative\/"},"wordCount":792,"commentCount":0,"publisher":{"@id":"https:\/\/duegipackaging.com\/#organization"},"image":{"@id":"https:\/\/duegipackaging.com\/fr\/news-fr\/reutilisation-creative\/#primaryimage"},"thumbnailUrl":"https:\/\/i0.wp.com\/duegipackaging.com\/wp-content\/uploads\/2020\/07\/IMG-20200517-WA0010.jpg?fit=1600%2C1200&ssl=1","articleSection":["news"],"inLanguage":"fr-FR","potentialAction":[{"@type":"CommentAction","name":"Comment","target":["https:\/\/duegipackaging.com\/fr\/news-fr\/reutilisation-creative\/#respond"]}]},{"@type":"WebPage","@id":"https:\/\/duegipackaging.com\/fr\/news-fr\/reutilisation-creative\/","url":"https:\/\/duegipackaging.com\/fr\/news-fr\/reutilisation-creative\/","name":"R\u00e9utilisation Cr\u00e9ative | Duegi Packaging","isPartOf":{"@id":"https:\/\/duegipackaging.com\/#website"},"primaryImageOfPage":{"@id":"https:\/\/duegipackaging.com\/fr\/news-fr\/reutilisation-creative\/#primaryimage"},"image":{"@id":"https:\/\/duegipackaging.com\/fr\/news-fr\/reutilisation-creative\/#primaryimage"},"thumbnailUrl":"https:\/\/i0.wp.com\/duegipackaging.com\/wp-content\/uploads\/2020\/07\/IMG-20200517-WA0010.jpg?fit=1600%2C1200&ssl=1","datePublished":"2020-07-23T13:59:55+00:00","dateModified":"2020-07-23T14:00:58+00:00","description":"Stai cercando R\u00e9utilisation Cr\u00e9ative? Entra in Duegi Packaging e vieni a scoprire la qualit\u00e0 dei nostri prodotti con certificazioni di qualit\u00e0. Ti aspettiamo!","breadcrumb":{"@id":"https:\/\/duegipackaging.com\/fr\/news-fr\/reutilisation-creative\/#breadcrumb"},"inLanguage":"fr-FR","potentialAction":[{"@type":"ReadAction","target":["https:\/\/duegipackaging.com\/fr\/news-fr\/reutilisation-creative\/"]}]},{"@type":"ImageObject","inLanguage":"fr-FR","@id":"https:\/\/duegipackaging.com\/fr\/news-fr\/reutilisation-creative\/#primaryimage","url":"https:\/\/i0.wp.com\/duegipackaging.com\/wp-content\/uploads\/2020\/07\/IMG-20200517-WA0010.jpg?fit=1600%2C1200&ssl=1","contentUrl":"https:\/\/i0.wp.com\/duegipackaging.com\/wp-content\/uploads\/2020\/07\/IMG-20200517-WA0010.jpg?fit=1600%2C1200&ssl=1","width":1600,"height":1200},{"@type":"BreadcrumbList","@id":"https:\/\/duegipackaging.com\/fr\/news-fr\/reutilisation-creative\/#breadcrumb","itemListElement":[{"@type":"ListItem","position":1,"name":"Home","item":"https:\/\/duegipackaging.com\/fr\/"},{"@type":"ListItem","position":2,"name":"R\u00e9utilisation Cr\u00e9ative"}]},{"@type":"WebSite","@id":"https:\/\/duegipackaging.com\/#website","url":"https:\/\/duegipackaging.com\/","name":"Duegi Packaging","description":"Produzione Scatole e packaging","publisher":{"@id":"https:\/\/duegipackaging.com\/#organization"},"potentialAction":[{"@type":"SearchAction","target":{"@type":"EntryPoint","urlTemplate":"https:\/\/duegipackaging.com\/?s={search_term_string}"},"query-input":{"@type":"PropertyValueSpecification","valueRequired":true,"valueName":"search_term_string"}}],"inLanguage":"fr-FR"},{"@type":"Organization","@id":"https:\/\/duegipackaging.com\/#organization","name":"Duegi Packaging","url":"https:\/\/duegipackaging.com\/","logo":{"@type":"ImageObject","inLanguage":"fr-FR","@id":"https:\/\/duegipackaging.com\/#\/schema\/logo\/image\/","url":"https:\/\/i0.wp.com\/duegipackaging.com\/wp-content\/uploads\/2020\/05\/screenshot.png?fit=1200%2C900&ssl=1","contentUrl":"https:\/\/i0.wp.com\/duegipackaging.com\/wp-content\/uploads\/2020\/05\/screenshot.png?fit=1200%2C900&ssl=1","width":1200,"height":900,"caption":"Duegi Packaging"},"image":{"@id":"https:\/\/duegipackaging.com\/#\/schema\/logo\/image\/"}},{"@type":"Person","@id":"https:\/\/duegipackaging.com\/#\/schema\/person\/fd52640863a87b88cd02333e0271fd51","name":"duegi","image":{"@type":"ImageObject","inLanguage":"fr-FR","@id":"https:\/\/duegipackaging.com\/#\/schema\/person\/image\/","url":"https:\/\/secure.gravatar.com\/avatar\/6ab5fb5639cd033750e15f7243285670d41c7ea5479a75da3d1aeabf98b753ef?s=96&d=mm&r=g","contentUrl":"https:\/\/secure.gravatar.com\/avatar\/6ab5fb5639cd033750e15f7243285670d41c7ea5479a75da3d1aeabf98b753ef?s=96&d=mm&r=g","caption":"duegi"},"url":"https:\/\/duegipackaging.com\/fr\/author\/duegi\/"}]}},"jetpack_featured_media_url":"https:\/\/i0.wp.com\/duegipackaging.com\/wp-content\/uploads\/2020\/07\/IMG-20200517-WA0010.jpg?fit=1600%2C1200&ssl=1","jetpack_sharing_enabled":true,"_links":{"self":[{"href":"https:\/\/duegipackaging.com\/fr\/wp-json\/wp\/v2\/posts\/2994","targetHints":{"allow":["GET"]}}],"collection":[{"href":"https:\/\/duegipackaging.com\/fr\/wp-json\/wp\/v2\/posts"}],"about":[{"href":"https:\/\/duegipackaging.com\/fr\/wp-json\/wp\/v2\/types\/post"}],"author":[{"embeddable":true,"href":"https:\/\/duegipackaging.com\/fr\/wp-json\/wp\/v2\/users\/3"}],"replies":[{"embeddable":true,"href":"https:\/\/duegipackaging.com\/fr\/wp-json\/wp\/v2\/comments?post=2994"}],"version-history":[{"count":3,"href":"https:\/\/duegipackaging.com\/fr\/wp-json\/wp\/v2\/posts\/2994\/revisions"}],"predecessor-version":[{"id":2997,"href":"https:\/\/duegipackaging.com\/fr\/wp-json\/wp\/v2\/posts\/2994\/revisions\/2997"}],"wp:featuredmedia":[{"embeddable":true,"href":"https:\/\/duegipackaging.com\/fr\/wp-json\/wp\/v2\/media\/2985"}],"wp:attachment":[{"href":"https:\/\/duegipackaging.com\/fr\/wp-json\/wp\/v2\/media?parent=2994"}],"wp:term":[{"taxonomy":"category","embeddable":true,"href":"https:\/\/duegipackaging.com\/fr\/wp-json\/wp\/v2\/categories?post=2994"},{"taxonomy":"post_tag","embeddable":true,"href":"https:\/\/duegipackaging.com\/fr\/wp-json\/wp\/v2\/tags?post=2994"}],"curies":[{"name":"wp","href":"https:\/\/api.w.org\/{rel}","templated":true}]}}