{"id":1182,"date":"2020-05-07T11:43:23","date_gmt":"2020-05-07T09:43:23","guid":{"rendered":"https:\/\/duegipackaging.com\/non-classifiee\/nous-ferons-de-notre-mieux\/"},"modified":"2022-07-15T14:08:34","modified_gmt":"2022-07-15T12:08:34","slug":"nous-ferons-de-notre-mieux","status":"publish","type":"post","link":"https:\/\/duegipackaging.com\/fr\/news-fr\/nous-ferons-de-notre-mieux\/","title":{"rendered":"Nous ferons de notre mieux"},"content":{"rendered":"\n<h3 class=\"wp-block-heading\">Nous ferons de notre mieux, la temp\u00eate est peut-\u00eatre pass\u00e9e, maintenant nous r\u00e9parons les voiles du bateau, mais aujourd\u2019hui la mer est calme, nous avons besoin de la force du vent pour reprendre la route vers la destination que nous connaissons tr\u00e8s bien.<\/h3>\n\n<p>In Azienda Duegi Packaging, dopo le ferie \u201cforzate\u201d dal 21\/3 al 14\/4, ci siamo ritrovati tra colleghi e siamo ripartiti sistemando le cose che avevamo inconsciamente lasciato fuori posto. Ci siamo rimessi in moto con le macchine dallo stop improvviso. Oggi 16\/4 possiamo notare che le richieste sono state quasi inesistenti pertanto abbiamo convenuto che non \u00e8 sensato produrre scatole che non servono e che ci impegnano spazio chiss\u00e0 per quanto tempo. Stiamo riorganizzando\u00a0il lavoro con i clienti e con i fornitori, sono cambiate le date di consegna e di conseguenza le scadenze che sono da rinegoziare. Guardandoci in faccia ci siamo resi conto che la vita va avanti, non \u00e8 solo quella cruda e vera raccontata in ogni particolare dalla TV e dai Social sul contagio in atto. Solo reagendo ci possiamo preparare a tempi migliori, a recuperare, settimana dopo settimana. Arriveranno momenti frenetici che dovremo affrontare; crediamo molto negli scenari futuri che giorno per giorno ci permetteranno di recuperare il lavoro perso in questo periodo. Adesso, con la finestra lavorativa di questi primi giorni, abbiamo fatto esperienza e possiamo dire a tutti di essere propositivi, di fare i lavori sospesi e rimandati da tempo che sono proprio quelli che magari rallenteranno la ripresa. Ogni capitano ne sa qualcosa.<br\/>Queste giornate sono da sacrificare per creare il clima giusto e per recuperare la gente rimasta inattiva a casa. Le persone che chiedono cosa fare sono da coinvolgere, sono loro che con fiducia e responsabilit\u00e0, possono contribuire a dare la svolta per movimentare la situazione. Noi ce la metteremo tutta, la burrasca \u00e8 forse passata, ora stiamo riparando le vele della barca, ma oggi il mare \u00e8 calmo quasi fermo, serve la forza del vento per riprendere la rotta verso la meta che conosciamo molto bene.<br\/>Un cordiale arrivederci.<\/p>\n\n<figure class=\"wp-block-image size-large\"><img data-recalc-dims=\"1\" loading=\"lazy\" decoding=\"async\" width=\"640\" height=\"407\" src=\"https:\/\/i0.wp.com\/duegipackaging.com\/wp-content\/uploads\/2020\/05\/scatole-packaging.jpg?resize=640%2C407&#038;ssl=1\" alt=\"scatole-packaging\" class=\"wp-image-1119\" srcset=\"https:\/\/i0.wp.com\/duegipackaging.com\/wp-content\/uploads\/2020\/05\/scatole-packaging.jpg?resize=1024%2C651&amp;ssl=1 1024w, https:\/\/i0.wp.com\/duegipackaging.com\/wp-content\/uploads\/2020\/05\/scatole-packaging.jpg?resize=768%2C489&amp;ssl=1 768w, https:\/\/i0.wp.com\/duegipackaging.com\/wp-content\/uploads\/2020\/05\/scatole-packaging.jpg?resize=400%2C254&amp;ssl=1 400w, https:\/\/i0.wp.com\/duegipackaging.com\/wp-content\/uploads\/2020\/05\/scatole-packaging.jpg?resize=1000%2C636&amp;ssl=1 1000w, https:\/\/i0.wp.com\/duegipackaging.com\/wp-content\/uploads\/2020\/05\/scatole-packaging.jpg?w=1036&amp;ssl=1 1036w\" sizes=\"auto, (max-width: 640px) 100vw, 640px\" \/><\/figure>","protected":false},"excerpt":{"rendered":"<p>Nous ferons de notre mieux, la temp\u00eate est peut-\u00eatre pass\u00e9e, maintenant nous r\u00e9parons les voiles du bateau, mais aujourd\u2019hui la mer est calme, nous avons besoin de la force du vent pour reprendre la route vers la destination que nous connaissons tr\u00e8s bien. In Azienda Duegi Packaging, dopo le ferie \u201cforzate\u201d dal 21\/3 al 14\/4, [&#8230;]<\/p>\n<p><a class=\"btn btn-secondary understrap-read-more-link\" href=\"https:\/\/duegipackaging.com\/fr\/news-fr\/nous-ferons-de-notre-mieux\/\">Lire la suite\u2026<span class=\"screen-reader-text\"> from Nous ferons de notre mieux<\/span><\/a><\/p>\n","protected":false},"author":1,"featured_media":1119,"comment_status":"open","ping_status":"open","sticky":false,"template":"","format":"standard","meta":{"_acf_changed":false,"_jetpack_memberships_contains_paid_content":false,"footnotes":""},"categories":[2],"tags":[],"class_list":["post-1182","post","type-post","status-publish","format-standard","has-post-thumbnail","hentry","category-news-fr"],"acf":[],"yoast_head":"<!-- This site is optimized with the Yoast SEO plugin v26.4 - https:\/\/yoast.com\/wordpress\/plugins\/seo\/ -->\n<title>Nous ferons de notre mieux | Duegi Packaging<\/title>\n<meta name=\"description\" content=\"Stai cercando Nous ferons de notre mieux? Entra in Duegi Packaging e vieni a scoprire la qualit\u00e0 dei nostri prodotti con certificazioni di qualit\u00e0. Ti aspettiamo!\" \/>\n<meta name=\"robots\" content=\"index, follow, max-snippet:-1, max-image-preview:large, max-video-preview:-1\" \/>\n<link rel=\"canonical\" href=\"https:\/\/duegipackaging.com\/fr\/news-fr\/nous-ferons-de-notre-mieux\/\" \/>\n<meta property=\"og:locale\" content=\"fr_FR\" \/>\n<meta property=\"og:type\" content=\"article\" \/>\n<meta property=\"og:title\" content=\"Nous ferons de notre mieux | Duegi Packaging\" \/>\n<meta property=\"og:description\" content=\"Stai cercando Nous ferons de notre mieux? Entra in Duegi Packaging e vieni a scoprire la qualit\u00e0 dei nostri prodotti con certificazioni di qualit\u00e0. Ti aspettiamo!\" \/>\n<meta property=\"og:url\" content=\"https:\/\/duegipackaging.com\/fr\/news-fr\/nous-ferons-de-notre-mieux\/\" \/>\n<meta property=\"og:site_name\" content=\"Duegi Packaging\" \/>\n<meta property=\"article:published_time\" content=\"2020-05-07T09:43:23+00:00\" \/>\n<meta property=\"article:modified_time\" content=\"2022-07-15T12:08:34+00:00\" \/>\n<meta property=\"og:image\" content=\"https:\/\/duegipackaging.com\/wp-content\/uploads\/2020\/05\/scatole-packaging.jpg\" \/>\n\t<meta property=\"og:image:width\" content=\"1036\" \/>\n\t<meta property=\"og:image:height\" content=\"659\" \/>\n\t<meta property=\"og:image:type\" content=\"image\/jpeg\" \/>\n<meta name=\"author\" content=\"smartmix\" \/>\n<meta name=\"twitter:card\" content=\"summary_large_image\" \/>\n<meta name=\"twitter:label1\" content=\"\u00c9crit par\" \/>\n\t<meta name=\"twitter:data1\" content=\"smartmix\" \/>\n\t<meta name=\"twitter:label2\" content=\"Dur\u00e9e de lecture estim\u00e9e\" \/>\n\t<meta name=\"twitter:data2\" content=\"2 minutes\" \/>\n<script type=\"application\/ld+json\" class=\"yoast-schema-graph\">{\"@context\":\"https:\/\/schema.org\",\"@graph\":[{\"@type\":\"Article\",\"@id\":\"https:\/\/duegipackaging.com\/fr\/news-fr\/nous-ferons-de-notre-mieux\/#article\",\"isPartOf\":{\"@id\":\"https:\/\/duegipackaging.com\/fr\/news-fr\/nous-ferons-de-notre-mieux\/\"},\"author\":{\"name\":\"smartmix\",\"@id\":\"https:\/\/duegipackaging.com\/#\/schema\/person\/c2c88fd8c3304fba07602e39ad959602\"},\"headline\":\"Nous ferons de notre mieux\",\"datePublished\":\"2020-05-07T09:43:23+00:00\",\"dateModified\":\"2022-07-15T12:08:34+00:00\",\"mainEntityOfPage\":{\"@id\":\"https:\/\/duegipackaging.com\/fr\/news-fr\/nous-ferons-de-notre-mieux\/\"},\"wordCount\":347,\"commentCount\":0,\"publisher\":{\"@id\":\"https:\/\/duegipackaging.com\/#organization\"},\"image\":{\"@id\":\"https:\/\/duegipackaging.com\/fr\/news-fr\/nous-ferons-de-notre-mieux\/#primaryimage\"},\"thumbnailUrl\":\"https:\/\/i0.wp.com\/duegipackaging.com\/wp-content\/uploads\/2020\/05\/scatole-packaging.jpg?fit=1036%2C659&ssl=1\",\"articleSection\":[\"news\"],\"inLanguage\":\"fr-FR\",\"potentialAction\":[{\"@type\":\"CommentAction\",\"name\":\"Comment\",\"target\":[\"https:\/\/duegipackaging.com\/fr\/news-fr\/nous-ferons-de-notre-mieux\/#respond\"]}]},{\"@type\":\"WebPage\",\"@id\":\"https:\/\/duegipackaging.com\/fr\/news-fr\/nous-ferons-de-notre-mieux\/\",\"url\":\"https:\/\/duegipackaging.com\/fr\/news-fr\/nous-ferons-de-notre-mieux\/\",\"name\":\"Nous ferons de notre mieux | Duegi Packaging\",\"isPartOf\":{\"@id\":\"https:\/\/duegipackaging.com\/#website\"},\"primaryImageOfPage\":{\"@id\":\"https:\/\/duegipackaging.com\/fr\/news-fr\/nous-ferons-de-notre-mieux\/#primaryimage\"},\"image\":{\"@id\":\"https:\/\/duegipackaging.com\/fr\/news-fr\/nous-ferons-de-notre-mieux\/#primaryimage\"},\"thumbnailUrl\":\"https:\/\/i0.wp.com\/duegipackaging.com\/wp-content\/uploads\/2020\/05\/scatole-packaging.jpg?fit=1036%2C659&ssl=1\",\"datePublished\":\"2020-05-07T09:43:23+00:00\",\"dateModified\":\"2022-07-15T12:08:34+00:00\",\"description\":\"Stai cercando Nous ferons de notre mieux? Entra in Duegi Packaging e vieni a scoprire la qualit\u00e0 dei nostri prodotti con certificazioni di qualit\u00e0. Ti aspettiamo!\",\"breadcrumb\":{\"@id\":\"https:\/\/duegipackaging.com\/fr\/news-fr\/nous-ferons-de-notre-mieux\/#breadcrumb\"},\"inLanguage\":\"fr-FR\",\"potentialAction\":[{\"@type\":\"ReadAction\",\"target\":[\"https:\/\/duegipackaging.com\/fr\/news-fr\/nous-ferons-de-notre-mieux\/\"]}]},{\"@type\":\"ImageObject\",\"inLanguage\":\"fr-FR\",\"@id\":\"https:\/\/duegipackaging.com\/fr\/news-fr\/nous-ferons-de-notre-mieux\/#primaryimage\",\"url\":\"https:\/\/i0.wp.com\/duegipackaging.com\/wp-content\/uploads\/2020\/05\/scatole-packaging.jpg?fit=1036%2C659&ssl=1\",\"contentUrl\":\"https:\/\/i0.wp.com\/duegipackaging.com\/wp-content\/uploads\/2020\/05\/scatole-packaging.jpg?fit=1036%2C659&ssl=1\",\"width\":1036,\"height\":659,\"caption\":\"scatole-packaging\"},{\"@type\":\"BreadcrumbList\",\"@id\":\"https:\/\/duegipackaging.com\/fr\/news-fr\/nous-ferons-de-notre-mieux\/#breadcrumb\",\"itemListElement\":[{\"@type\":\"ListItem\",\"position\":1,\"name\":\"Home\",\"item\":\"https:\/\/duegipackaging.com\/fr\/\"},{\"@type\":\"ListItem\",\"position\":2,\"name\":\"Nous ferons de notre mieux\"}]},{\"@type\":\"WebSite\",\"@id\":\"https:\/\/duegipackaging.com\/#website\",\"url\":\"https:\/\/duegipackaging.com\/\",\"name\":\"Duegi Packaging\",\"description\":\"Produzione Scatole e packaging\",\"publisher\":{\"@id\":\"https:\/\/duegipackaging.com\/#organization\"},\"potentialAction\":[{\"@type\":\"SearchAction\",\"target\":{\"@type\":\"EntryPoint\",\"urlTemplate\":\"https:\/\/duegipackaging.com\/?s={search_term_string}\"},\"query-input\":{\"@type\":\"PropertyValueSpecification\",\"valueRequired\":true,\"valueName\":\"search_term_string\"}}],\"inLanguage\":\"fr-FR\"},{\"@type\":\"Organization\",\"@id\":\"https:\/\/duegipackaging.com\/#organization\",\"name\":\"Duegi Packaging\",\"url\":\"https:\/\/duegipackaging.com\/\",\"logo\":{\"@type\":\"ImageObject\",\"inLanguage\":\"fr-FR\",\"@id\":\"https:\/\/duegipackaging.com\/#\/schema\/logo\/image\/\",\"url\":\"https:\/\/i0.wp.com\/duegipackaging.com\/wp-content\/uploads\/2020\/05\/screenshot.png?fit=1200%2C900&ssl=1\",\"contentUrl\":\"https:\/\/i0.wp.com\/duegipackaging.com\/wp-content\/uploads\/2020\/05\/screenshot.png?fit=1200%2C900&ssl=1\",\"width\":1200,\"height\":900,\"caption\":\"Duegi Packaging\"},\"image\":{\"@id\":\"https:\/\/duegipackaging.com\/#\/schema\/logo\/image\/\"}},{\"@type\":\"Person\",\"@id\":\"https:\/\/duegipackaging.com\/#\/schema\/person\/c2c88fd8c3304fba07602e39ad959602\",\"name\":\"smartmix\",\"image\":{\"@type\":\"ImageObject\",\"inLanguage\":\"fr-FR\",\"@id\":\"https:\/\/duegipackaging.com\/#\/schema\/person\/image\/\",\"url\":\"https:\/\/secure.gravatar.com\/avatar\/5e3edb71513518047a8b69e5312506167a71687044a41ffebece9730e353b58b?s=96&d=mm&r=g\",\"contentUrl\":\"https:\/\/secure.gravatar.com\/avatar\/5e3edb71513518047a8b69e5312506167a71687044a41ffebece9730e353b58b?s=96&d=mm&r=g\",\"caption\":\"smartmix\"},\"url\":\"https:\/\/duegipackaging.com\/fr\/author\/smartmix\/\"}]}<\/script>\n<!-- \/ Yoast SEO plugin. -->","yoast_head_json":{"title":"Nous ferons de notre mieux | Duegi Packaging","description":"Stai cercando Nous ferons de notre mieux? Entra in Duegi Packaging e vieni a scoprire la qualit\u00e0 dei nostri prodotti con certificazioni di qualit\u00e0. Ti aspettiamo!","robots":{"index":"index","follow":"follow","max-snippet":"max-snippet:-1","max-image-preview":"max-image-preview:large","max-video-preview":"max-video-preview:-1"},"canonical":"https:\/\/duegipackaging.com\/fr\/news-fr\/nous-ferons-de-notre-mieux\/","og_locale":"fr_FR","og_type":"article","og_title":"Nous ferons de notre mieux | Duegi Packaging","og_description":"Stai cercando Nous ferons de notre mieux? Entra in Duegi Packaging e vieni a scoprire la qualit\u00e0 dei nostri prodotti con certificazioni di qualit\u00e0. Ti aspettiamo!","og_url":"https:\/\/duegipackaging.com\/fr\/news-fr\/nous-ferons-de-notre-mieux\/","og_site_name":"Duegi Packaging","article_published_time":"2020-05-07T09:43:23+00:00","article_modified_time":"2022-07-15T12:08:34+00:00","og_image":[{"width":1036,"height":659,"url":"https:\/\/duegipackaging.com\/wp-content\/uploads\/2020\/05\/scatole-packaging.jpg","type":"image\/jpeg"}],"author":"smartmix","twitter_card":"summary_large_image","twitter_misc":{"\u00c9crit par":"smartmix","Dur\u00e9e de lecture estim\u00e9e":"2 minutes"},"schema":{"@context":"https:\/\/schema.org","@graph":[{"@type":"Article","@id":"https:\/\/duegipackaging.com\/fr\/news-fr\/nous-ferons-de-notre-mieux\/#article","isPartOf":{"@id":"https:\/\/duegipackaging.com\/fr\/news-fr\/nous-ferons-de-notre-mieux\/"},"author":{"name":"smartmix","@id":"https:\/\/duegipackaging.com\/#\/schema\/person\/c2c88fd8c3304fba07602e39ad959602"},"headline":"Nous ferons de notre mieux","datePublished":"2020-05-07T09:43:23+00:00","dateModified":"2022-07-15T12:08:34+00:00","mainEntityOfPage":{"@id":"https:\/\/duegipackaging.com\/fr\/news-fr\/nous-ferons-de-notre-mieux\/"},"wordCount":347,"commentCount":0,"publisher":{"@id":"https:\/\/duegipackaging.com\/#organization"},"image":{"@id":"https:\/\/duegipackaging.com\/fr\/news-fr\/nous-ferons-de-notre-mieux\/#primaryimage"},"thumbnailUrl":"https:\/\/i0.wp.com\/duegipackaging.com\/wp-content\/uploads\/2020\/05\/scatole-packaging.jpg?fit=1036%2C659&ssl=1","articleSection":["news"],"inLanguage":"fr-FR","potentialAction":[{"@type":"CommentAction","name":"Comment","target":["https:\/\/duegipackaging.com\/fr\/news-fr\/nous-ferons-de-notre-mieux\/#respond"]}]},{"@type":"WebPage","@id":"https:\/\/duegipackaging.com\/fr\/news-fr\/nous-ferons-de-notre-mieux\/","url":"https:\/\/duegipackaging.com\/fr\/news-fr\/nous-ferons-de-notre-mieux\/","name":"Nous ferons de notre mieux | Duegi Packaging","isPartOf":{"@id":"https:\/\/duegipackaging.com\/#website"},"primaryImageOfPage":{"@id":"https:\/\/duegipackaging.com\/fr\/news-fr\/nous-ferons-de-notre-mieux\/#primaryimage"},"image":{"@id":"https:\/\/duegipackaging.com\/fr\/news-fr\/nous-ferons-de-notre-mieux\/#primaryimage"},"thumbnailUrl":"https:\/\/i0.wp.com\/duegipackaging.com\/wp-content\/uploads\/2020\/05\/scatole-packaging.jpg?fit=1036%2C659&ssl=1","datePublished":"2020-05-07T09:43:23+00:00","dateModified":"2022-07-15T12:08:34+00:00","description":"Stai cercando Nous ferons de notre mieux? Entra in Duegi Packaging e vieni a scoprire la qualit\u00e0 dei nostri prodotti con certificazioni di qualit\u00e0. Ti aspettiamo!","breadcrumb":{"@id":"https:\/\/duegipackaging.com\/fr\/news-fr\/nous-ferons-de-notre-mieux\/#breadcrumb"},"inLanguage":"fr-FR","potentialAction":[{"@type":"ReadAction","target":["https:\/\/duegipackaging.com\/fr\/news-fr\/nous-ferons-de-notre-mieux\/"]}]},{"@type":"ImageObject","inLanguage":"fr-FR","@id":"https:\/\/duegipackaging.com\/fr\/news-fr\/nous-ferons-de-notre-mieux\/#primaryimage","url":"https:\/\/i0.wp.com\/duegipackaging.com\/wp-content\/uploads\/2020\/05\/scatole-packaging.jpg?fit=1036%2C659&ssl=1","contentUrl":"https:\/\/i0.wp.com\/duegipackaging.com\/wp-content\/uploads\/2020\/05\/scatole-packaging.jpg?fit=1036%2C659&ssl=1","width":1036,"height":659,"caption":"scatole-packaging"},{"@type":"BreadcrumbList","@id":"https:\/\/duegipackaging.com\/fr\/news-fr\/nous-ferons-de-notre-mieux\/#breadcrumb","itemListElement":[{"@type":"ListItem","position":1,"name":"Home","item":"https:\/\/duegipackaging.com\/fr\/"},{"@type":"ListItem","position":2,"name":"Nous ferons de notre mieux"}]},{"@type":"WebSite","@id":"https:\/\/duegipackaging.com\/#website","url":"https:\/\/duegipackaging.com\/","name":"Duegi Packaging","description":"Produzione Scatole e packaging","publisher":{"@id":"https:\/\/duegipackaging.com\/#organization"},"potentialAction":[{"@type":"SearchAction","target":{"@type":"EntryPoint","urlTemplate":"https:\/\/duegipackaging.com\/?s={search_term_string}"},"query-input":{"@type":"PropertyValueSpecification","valueRequired":true,"valueName":"search_term_string"}}],"inLanguage":"fr-FR"},{"@type":"Organization","@id":"https:\/\/duegipackaging.com\/#organization","name":"Duegi Packaging","url":"https:\/\/duegipackaging.com\/","logo":{"@type":"ImageObject","inLanguage":"fr-FR","@id":"https:\/\/duegipackaging.com\/#\/schema\/logo\/image\/","url":"https:\/\/i0.wp.com\/duegipackaging.com\/wp-content\/uploads\/2020\/05\/screenshot.png?fit=1200%2C900&ssl=1","contentUrl":"https:\/\/i0.wp.com\/duegipackaging.com\/wp-content\/uploads\/2020\/05\/screenshot.png?fit=1200%2C900&ssl=1","width":1200,"height":900,"caption":"Duegi Packaging"},"image":{"@id":"https:\/\/duegipackaging.com\/#\/schema\/logo\/image\/"}},{"@type":"Person","@id":"https:\/\/duegipackaging.com\/#\/schema\/person\/c2c88fd8c3304fba07602e39ad959602","name":"smartmix","image":{"@type":"ImageObject","inLanguage":"fr-FR","@id":"https:\/\/duegipackaging.com\/#\/schema\/person\/image\/","url":"https:\/\/secure.gravatar.com\/avatar\/5e3edb71513518047a8b69e5312506167a71687044a41ffebece9730e353b58b?s=96&d=mm&r=g","contentUrl":"https:\/\/secure.gravatar.com\/avatar\/5e3edb71513518047a8b69e5312506167a71687044a41ffebece9730e353b58b?s=96&d=mm&r=g","caption":"smartmix"},"url":"https:\/\/duegipackaging.com\/fr\/author\/smartmix\/"}]}},"jetpack_featured_media_url":"https:\/\/i0.wp.com\/duegipackaging.com\/wp-content\/uploads\/2020\/05\/scatole-packaging.jpg?fit=1036%2C659&ssl=1","jetpack_sharing_enabled":true,"_links":{"self":[{"href":"https:\/\/duegipackaging.com\/fr\/wp-json\/wp\/v2\/posts\/1182","targetHints":{"allow":["GET"]}}],"collection":[{"href":"https:\/\/duegipackaging.com\/fr\/wp-json\/wp\/v2\/posts"}],"about":[{"href":"https:\/\/duegipackaging.com\/fr\/wp-json\/wp\/v2\/types\/post"}],"author":[{"embeddable":true,"href":"https:\/\/duegipackaging.com\/fr\/wp-json\/wp\/v2\/users\/1"}],"replies":[{"embeddable":true,"href":"https:\/\/duegipackaging.com\/fr\/wp-json\/wp\/v2\/comments?post=1182"}],"version-history":[{"count":3,"href":"https:\/\/duegipackaging.com\/fr\/wp-json\/wp\/v2\/posts\/1182\/revisions"}],"predecessor-version":[{"id":5771,"href":"https:\/\/duegipackaging.com\/fr\/wp-json\/wp\/v2\/posts\/1182\/revisions\/5771"}],"wp:featuredmedia":[{"embeddable":true,"href":"https:\/\/duegipackaging.com\/fr\/wp-json\/wp\/v2\/media\/1119"}],"wp:attachment":[{"href":"https:\/\/duegipackaging.com\/fr\/wp-json\/wp\/v2\/media?parent=1182"}],"wp:term":[{"taxonomy":"category","embeddable":true,"href":"https:\/\/duegipackaging.com\/fr\/wp-json\/wp\/v2\/categories?post=1182"},{"taxonomy":"post_tag","embeddable":true,"href":"https:\/\/duegipackaging.com\/fr\/wp-json\/wp\/v2\/tags?post=1182"}],"curies":[{"name":"wp","href":"https:\/\/api.w.org\/{rel}","templated":true}]}}